{"id":5609,"date":"2025-03-11T12:43:38","date_gmt":"2025-03-11T16:43:38","guid":{"rendered":"https:\/\/forsythjpm.org\/un-dia-en-la-vida-de-un-capellan\/"},"modified":"2025-03-31T14:17:31","modified_gmt":"2025-03-31T18:17:31","slug":"un-dia-en-la-vida-de-un-capellan","status":"publish","type":"post","link":"https:\/\/forsythjpm.org\/es\/un-dia-en-la-vida-de-un-capellan\/","title":{"rendered":"Un d\u00eda en la vida de un capell\u00e1n"},"content":{"rendered":"\t\t<div data-elementor-type=\"wp-post\" data-elementor-id=\"5609\" class=\"elementor elementor-5609 elementor-5517\" data-elementor-post-type=\"post\">\n\t\t\t\t\t\t<section class=\"ob-is-breaking-bad elementor-section elementor-top-section elementor-element elementor-element-62fb649 elementor-section-boxed elementor-section-height-default elementor-section-height-default\" data-id=\"62fb649\" data-element_type=\"section\" data-e-type=\"section\" data-settings=\"{&quot;_ob_bbad_use_it&quot;:&quot;yes&quot;,&quot;_ob_bbad_sssic_use&quot;:&quot;no&quot;,&quot;_ob_glider_is_slider&quot;:&quot;no&quot;}\">\n\t\t\t\t\t\t<div class=\"elementor-container elementor-column-gap-default\">\n\t\t\t\t\t<div class=\"elementor-column elementor-col-100 elementor-top-column elementor-element elementor-element-4a91dc4\" data-id=\"4a91dc4\" data-element_type=\"column\" data-e-type=\"column\" data-settings=\"{&quot;_ob_bbad_is_stalker&quot;:&quot;no&quot;,&quot;_ob_teleporter_use&quot;:false,&quot;_ob_column_hoveranimator&quot;:&quot;no&quot;,&quot;_ob_column_has_pseudo&quot;:&quot;no&quot;}\">\n\t\t\t<div class=\"elementor-widget-wrap elementor-element-populated\">\n\t\t\t\t\t\t<div class=\"elementor-element elementor-element-dcceae3 ob-harakiri-inherit ob-has-background-overlay elementor-widget elementor-widget-text-editor\" data-id=\"dcceae3\" data-element_type=\"widget\" data-e-type=\"widget\" data-settings=\"{&quot;_ob_use_harakiri&quot;:&quot;yes&quot;,&quot;_ob_harakiri_writing_mode&quot;:&quot;inherit&quot;,&quot;_ob_postman_use&quot;:&quot;no&quot;,&quot;_ob_perspektive_use&quot;:&quot;no&quot;,&quot;_ob_poopart_use&quot;:&quot;yes&quot;,&quot;_ob_shadough_use&quot;:&quot;no&quot;,&quot;_ob_allow_hoveranimator&quot;:&quot;no&quot;,&quot;_ob_widget_stalker_use&quot;:&quot;no&quot;}\" data-widget_type=\"text-editor.default\">\n\t\t\t\t<div class=\"elementor-widget-container\">\n\t\t\t\t\t\t\t\t\t<p>Los capellanes de <a href=\"https:\/\/forsyth.cc\/sheriff\/ledc.aspx\">Forsyth<\/a> Jail &amp; Prison Ministries sirven tanto a los delincuentes del <a href=\"https:\/\/www.dac.nc.gov\/divisions-and-sections\/institutions\/prison-facilities\/forsyth-correctional-center\">Centro Correccional de Forsyth<\/a> (prisi\u00f3n) como a los reclusos del Centro de Detenci\u00f3n del Condado de Forsyth (c\u00e1rcel). Su funci\u00f3n es compartir el amor y el perd\u00f3n de Cristo, practicar el ministerio de la presencia y el consejo tanto con los reclusos como con los delincuentes, as\u00ed como con el personal de cada centro. Muchos de vosotros est\u00e1is m\u00e1s familiarizados con el papel del capell\u00e1n en la c\u00e1rcel debido a vuestro trabajo como voluntarios.    <\/p>\n<p>Ahora, puedes venir con nosotros para saber m\u00e1s sobre un d\u00eda en la vida de un capell\u00e1n de c\u00e1rcel.  <\/p>\n\t\t\t\t\t\t\t\t<\/div>\n\t\t\t\t<\/div>\n\t\t\t\t<div class=\"elementor-element elementor-element-1dac3ca ob-harakiri-inherit ob-has-background-overlay elementor-widget elementor-widget-heading\" data-id=\"1dac3ca\" data-element_type=\"widget\" data-e-type=\"widget\" data-settings=\"{&quot;_ob_use_harakiri&quot;:&quot;yes&quot;,&quot;_ob_harakiri_writing_mode&quot;:&quot;inherit&quot;,&quot;_ob_harakiri_text_clip&quot;:&quot;none&quot;,&quot;_ob_perspektive_use&quot;:&quot;no&quot;,&quot;_ob_poopart_use&quot;:&quot;yes&quot;,&quot;_ob_shadough_use&quot;:&quot;no&quot;,&quot;_ob_allow_hoveranimator&quot;:&quot;no&quot;,&quot;_ob_widget_stalker_use&quot;:&quot;no&quot;}\" data-widget_type=\"heading.default\">\n\t\t\t\t<div class=\"elementor-widget-container\">\n\t\t\t\t\t<h3 class=\"elementor-heading-title elementor-size-default\">Un d\u00eda en la vida<\/h3>\t\t\t\t<\/div>\n\t\t\t\t<\/div>\n\t\t\t\t\t<\/div>\n\t\t<\/div>\n\t\t\t\t\t<\/div>\n\t\t<\/section>\n\t\t\t\t<section class=\"ob-is-breaking-bad elementor-section elementor-top-section elementor-element elementor-element-f4a7c4a elementor-section-boxed elementor-section-height-default elementor-section-height-default\" data-id=\"f4a7c4a\" data-element_type=\"section\" data-e-type=\"section\" data-settings=\"{&quot;_ob_bbad_use_it&quot;:&quot;yes&quot;,&quot;_ob_bbad_sssic_use&quot;:&quot;no&quot;,&quot;_ob_glider_is_slider&quot;:&quot;no&quot;}\">\n\t\t\t\t\t\t<div class=\"elementor-container elementor-column-gap-default\">\n\t\t\t\t\t<div class=\"elementor-column elementor-col-100 elementor-top-column elementor-element elementor-element-8d57d80\" data-id=\"8d57d80\" data-element_type=\"column\" data-e-type=\"column\" data-settings=\"{&quot;_ob_bbad_is_stalker&quot;:&quot;no&quot;,&quot;_ob_teleporter_use&quot;:false,&quot;_ob_column_hoveranimator&quot;:&quot;no&quot;,&quot;_ob_column_has_pseudo&quot;:&quot;no&quot;}\">\n\t\t\t<div class=\"elementor-widget-wrap elementor-element-populated\">\n\t\t\t\t\t\t<div class=\"elementor-element elementor-element-99e2a30 ob-harakiri-inherit ob-has-background-overlay elementor-widget elementor-widget-text-editor\" data-id=\"99e2a30\" data-element_type=\"widget\" data-e-type=\"widget\" data-settings=\"{&quot;_ob_use_harakiri&quot;:&quot;yes&quot;,&quot;_ob_harakiri_writing_mode&quot;:&quot;inherit&quot;,&quot;_ob_postman_use&quot;:&quot;no&quot;,&quot;_ob_perspektive_use&quot;:&quot;no&quot;,&quot;_ob_poopart_use&quot;:&quot;yes&quot;,&quot;_ob_shadough_use&quot;:&quot;no&quot;,&quot;_ob_allow_hoveranimator&quot;:&quot;no&quot;,&quot;_ob_widget_stalker_use&quot;:&quot;no&quot;}\" data-widget_type=\"text-editor.default\">\n\t\t\t\t<div class=\"elementor-widget-container\">\n\t\t\t\t\t\t\t\t\t<p>Un d\u00eda en la c\u00e1rcel incluye responder a las peticiones de los reclusos. Estas peticiones pueden consistir en una visita, una oraci\u00f3n, una Biblia u otros materiales devocionales. Cuando un capell\u00e1n atiende cada petici\u00f3n, se toma un momento para estar con el recluso. Siempre pregunta c\u00f3mo se encuentra el recluso y si tiene alguna otra necesidad.   <\/p>\n<p>En la foto de abajo, <a href=\"https:\/\/forsythjpm.org\/es\/direccion-y-personal\/\">el capell\u00e1n Smalls<\/a> se prepara para entregar Biblias y material de lectura a los distintos dormitorios de la c\u00e1rcel.<\/p>\n\t\t\t\t\t\t\t\t<\/div>\n\t\t\t\t<\/div>\n\t\t\t\t<div class=\"elementor-element elementor-element-840cf5a ob-has-background-overlay elementor-widget elementor-widget-image\" data-id=\"840cf5a\" data-element_type=\"widget\" data-e-type=\"widget\" data-settings=\"{&quot;_ob_photomorph_use&quot;:&quot;no&quot;,&quot;_ob_perspektive_use&quot;:&quot;no&quot;,&quot;_ob_poopart_use&quot;:&quot;yes&quot;,&quot;_ob_shadough_use&quot;:&quot;no&quot;,&quot;_ob_allow_hoveranimator&quot;:&quot;no&quot;,&quot;_ob_widget_stalker_use&quot;:&quot;no&quot;}\" data-widget_type=\"image.default\">\n\t\t\t\t<div class=\"elementor-widget-container\">\n\t\t\t\t\t\t\t\t\t\t\t\t\t\t\t<img fetchpriority=\"high\" decoding=\"async\" width=\"768\" height=\"1024\" src=\"https:\/\/forsythjpm.org\/wp-content\/uploads\/2025\/03\/Chaplain-Smalls-768x1024.jpg\" class=\"attachment-large size-large wp-image-5519\" alt=\"day in the life of a jail chaplain\" srcset=\"https:\/\/forsythjpm.org\/wp-content\/uploads\/2025\/03\/Chaplain-Smalls-768x1024.jpg 768w, https:\/\/forsythjpm.org\/wp-content\/uploads\/2025\/03\/Chaplain-Smalls-225x300.jpg 225w, https:\/\/forsythjpm.org\/wp-content\/uploads\/2025\/03\/Chaplain-Smalls-1152x1536.jpg 1152w, https:\/\/forsythjpm.org\/wp-content\/uploads\/2025\/03\/Chaplain-Smalls.jpg 1512w\" sizes=\"(max-width: 768px) 100vw, 768px\" \/>\t\t\t\t\t\t\t\t\t\t\t\t\t\t\t<\/div>\n\t\t\t\t<\/div>\n\t\t\t\t\t<\/div>\n\t\t<\/div>\n\t\t\t\t\t<\/div>\n\t\t<\/section>\n\t\t\t\t<section class=\"ob-is-breaking-bad elementor-section elementor-top-section elementor-element elementor-element-58d4463 elementor-section-boxed elementor-section-height-default elementor-section-height-default\" data-id=\"58d4463\" data-element_type=\"section\" data-e-type=\"section\" data-settings=\"{&quot;_ob_bbad_use_it&quot;:&quot;yes&quot;,&quot;_ob_bbad_sssic_use&quot;:&quot;no&quot;,&quot;_ob_glider_is_slider&quot;:&quot;no&quot;}\">\n\t\t\t\t\t\t<div class=\"elementor-container elementor-column-gap-default\">\n\t\t\t\t\t<div class=\"elementor-column elementor-col-100 elementor-top-column elementor-element elementor-element-dbab9c9\" data-id=\"dbab9c9\" data-element_type=\"column\" data-e-type=\"column\" data-settings=\"{&quot;_ob_bbad_is_stalker&quot;:&quot;no&quot;,&quot;_ob_teleporter_use&quot;:false,&quot;_ob_column_hoveranimator&quot;:&quot;no&quot;,&quot;_ob_column_has_pseudo&quot;:&quot;no&quot;}\">\n\t\t\t<div class=\"elementor-widget-wrap elementor-element-populated\">\n\t\t\t\t\t\t<div class=\"elementor-element elementor-element-fc90dfe ob-harakiri-inherit ob-has-background-overlay elementor-widget elementor-widget-heading\" data-id=\"fc90dfe\" data-element_type=\"widget\" data-e-type=\"widget\" data-settings=\"{&quot;_ob_use_harakiri&quot;:&quot;yes&quot;,&quot;_ob_harakiri_writing_mode&quot;:&quot;inherit&quot;,&quot;_ob_harakiri_text_clip&quot;:&quot;none&quot;,&quot;_ob_perspektive_use&quot;:&quot;no&quot;,&quot;_ob_poopart_use&quot;:&quot;yes&quot;,&quot;_ob_shadough_use&quot;:&quot;no&quot;,&quot;_ob_allow_hoveranimator&quot;:&quot;no&quot;,&quot;_ob_widget_stalker_use&quot;:&quot;no&quot;}\" data-widget_type=\"heading.default\">\n\t\t\t\t<div class=\"elementor-widget-container\">\n\t\t\t\t\t<h3 class=\"elementor-heading-title elementor-size-default\">El Ministerio de la Presencia<\/h3>\t\t\t\t<\/div>\n\t\t\t\t<\/div>\n\t\t\t\t<div class=\"elementor-element elementor-element-9e92a00 ob-harakiri-inherit ob-has-background-overlay elementor-widget elementor-widget-text-editor\" data-id=\"9e92a00\" data-element_type=\"widget\" data-e-type=\"widget\" data-settings=\"{&quot;_ob_use_harakiri&quot;:&quot;yes&quot;,&quot;_ob_harakiri_writing_mode&quot;:&quot;inherit&quot;,&quot;_ob_postman_use&quot;:&quot;no&quot;,&quot;_ob_perspektive_use&quot;:&quot;no&quot;,&quot;_ob_poopart_use&quot;:&quot;yes&quot;,&quot;_ob_shadough_use&quot;:&quot;no&quot;,&quot;_ob_allow_hoveranimator&quot;:&quot;no&quot;,&quot;_ob_widget_stalker_use&quot;:&quot;no&quot;}\" data-widget_type=\"text-editor.default\">\n\t\t\t\t<div class=\"elementor-widget-container\">\n\t\t\t\t\t\t\t\t\t<p>El almuerzo suele transcurrir en un comedor o sala de descanso, donde el capell\u00e1n puede pasar un rato con miembros del personal del centro de detenci\u00f3n. A medida que los capellanes van conociendo al personal, a menudo se les pide unos momentos para hablar o rezar sobre un asunto concreto. Este ministerio de presencia es tan importante para el personal como para los reclusos.  <\/p>\n\t\t\t\t\t\t\t\t<\/div>\n\t\t\t\t<\/div>\n\t\t\t\t\t<\/div>\n\t\t<\/div>\n\t\t\t\t\t<\/div>\n\t\t<\/section>\n\t\t\t\t<section class=\"ob-is-breaking-bad elementor-section elementor-top-section elementor-element elementor-element-61c017f elementor-section-boxed elementor-section-height-default elementor-section-height-default\" data-id=\"61c017f\" data-element_type=\"section\" data-e-type=\"section\" data-settings=\"{&quot;_ob_bbad_use_it&quot;:&quot;yes&quot;,&quot;_ob_bbad_sssic_use&quot;:&quot;no&quot;,&quot;_ob_glider_is_slider&quot;:&quot;no&quot;}\">\n\t\t\t\t\t\t<div class=\"elementor-container elementor-column-gap-default\">\n\t\t\t\t\t<div class=\"elementor-column elementor-col-100 elementor-top-column elementor-element elementor-element-57976a6\" data-id=\"57976a6\" data-element_type=\"column\" data-e-type=\"column\" data-settings=\"{&quot;_ob_bbad_is_stalker&quot;:&quot;no&quot;,&quot;_ob_teleporter_use&quot;:false,&quot;_ob_column_hoveranimator&quot;:&quot;no&quot;,&quot;_ob_column_has_pseudo&quot;:&quot;no&quot;}\">\n\t\t\t<div class=\"elementor-widget-wrap elementor-element-populated\">\n\t\t\t\t\t\t<div class=\"elementor-element elementor-element-cc070e6 ob-harakiri-inherit ob-has-background-overlay elementor-widget elementor-widget-heading\" data-id=\"cc070e6\" data-element_type=\"widget\" data-e-type=\"widget\" data-settings=\"{&quot;_ob_use_harakiri&quot;:&quot;yes&quot;,&quot;_ob_harakiri_writing_mode&quot;:&quot;inherit&quot;,&quot;_ob_harakiri_text_clip&quot;:&quot;none&quot;,&quot;_ob_perspektive_use&quot;:&quot;no&quot;,&quot;_ob_poopart_use&quot;:&quot;yes&quot;,&quot;_ob_shadough_use&quot;:&quot;no&quot;,&quot;_ob_allow_hoveranimator&quot;:&quot;no&quot;,&quot;_ob_widget_stalker_use&quot;:&quot;no&quot;}\" data-widget_type=\"heading.default\">\n\t\t\t\t<div class=\"elementor-widget-container\">\n\t\t\t\t\t<h3 class=\"elementor-heading-title elementor-size-default\">Notificaciones cr\u00edticas<\/h3>\t\t\t\t<\/div>\n\t\t\t\t<\/div>\n\t\t\t\t<div class=\"elementor-element elementor-element-1ed96dd ob-harakiri-inherit ob-has-background-overlay elementor-widget elementor-widget-text-editor\" data-id=\"1ed96dd\" data-element_type=\"widget\" data-e-type=\"widget\" data-settings=\"{&quot;_ob_use_harakiri&quot;:&quot;yes&quot;,&quot;_ob_harakiri_writing_mode&quot;:&quot;inherit&quot;,&quot;_ob_postman_use&quot;:&quot;no&quot;,&quot;_ob_perspektive_use&quot;:&quot;no&quot;,&quot;_ob_poopart_use&quot;:&quot;yes&quot;,&quot;_ob_shadough_use&quot;:&quot;no&quot;,&quot;_ob_allow_hoveranimator&quot;:&quot;no&quot;,&quot;_ob_widget_stalker_use&quot;:&quot;no&quot;}\" data-widget_type=\"text-editor.default\">\n\t\t\t\t<div class=\"elementor-widget-container\">\n\t\t\t\t\t\t\t\t\t<p>Otro servicio que prestan los capellanes es el de las notificaciones cr\u00edticas o de emergencia. Si un recluso tiene un fallecimiento o una enfermedad grave en su familia, esa informaci\u00f3n se da al capell\u00e1n. A continuaci\u00f3n, el capell\u00e1n realiza la notificaci\u00f3n al recluso. Las visitas al hospital tambi\u00e9n entran en esta categor\u00eda. Si un preso va al hospital por un motivo grave, el capell\u00e1n puede hacer una visita al hospital. Las notificaciones cr\u00edticas y las visitas al hospital suelen implicar sentarse con el recluso mientras procesa la noticia. Los capellanes tambi\u00e9n ofrecen orientaci\u00f3n y oraci\u00f3n. Estas visitas son momentos sagrados para el capell\u00e1n. Es un privilegio atravesar estos valles con los reclusos.        <\/p>\n\t\t\t\t\t\t\t\t<\/div>\n\t\t\t\t<\/div>\n\t\t\t\t<div class=\"elementor-element elementor-element-9daa21e ob-harakiri-inherit ob-has-background-overlay elementor-widget elementor-widget-heading\" data-id=\"9daa21e\" data-element_type=\"widget\" data-e-type=\"widget\" data-settings=\"{&quot;_ob_use_harakiri&quot;:&quot;yes&quot;,&quot;_ob_harakiri_writing_mode&quot;:&quot;inherit&quot;,&quot;_ob_harakiri_text_clip&quot;:&quot;none&quot;,&quot;_ob_perspektive_use&quot;:&quot;no&quot;,&quot;_ob_poopart_use&quot;:&quot;yes&quot;,&quot;_ob_shadough_use&quot;:&quot;no&quot;,&quot;_ob_allow_hoveranimator&quot;:&quot;no&quot;,&quot;_ob_widget_stalker_use&quot;:&quot;no&quot;}\" data-widget_type=\"heading.default\">\n\t\t\t\t<div class=\"elementor-widget-container\">\n\t\t\t\t\t<h3 class=\"elementor-heading-title elementor-size-default\">Estudios b\u00edblicos<\/h3>\t\t\t\t<\/div>\n\t\t\t\t<\/div>\n\t\t\t\t<div class=\"elementor-element elementor-element-7bf8e8c ob-harakiri-inherit ob-has-background-overlay elementor-widget elementor-widget-text-editor\" data-id=\"7bf8e8c\" data-element_type=\"widget\" data-e-type=\"widget\" data-settings=\"{&quot;_ob_use_harakiri&quot;:&quot;yes&quot;,&quot;_ob_harakiri_writing_mode&quot;:&quot;inherit&quot;,&quot;_ob_postman_use&quot;:&quot;no&quot;,&quot;_ob_perspektive_use&quot;:&quot;no&quot;,&quot;_ob_poopart_use&quot;:&quot;yes&quot;,&quot;_ob_shadough_use&quot;:&quot;no&quot;,&quot;_ob_allow_hoveranimator&quot;:&quot;no&quot;,&quot;_ob_widget_stalker_use&quot;:&quot;no&quot;}\" data-widget_type=\"text-editor.default\">\n\t\t\t\t<div class=\"elementor-widget-container\">\n\t\t\t\t\t\t\t\t\t<p>Seg\u00fan surja la necesidad, se puede pedir a los capellanes que dirijan estudios b\u00edblicos espec\u00edficos. A petici\u00f3n del personal de la c\u00e1rcel, el capell\u00e1n Smalls pronto iniciar\u00e1 un estudio b\u00edblico para los reclusos de la unidad de salud mental de la c\u00e1rcel. Y, por supuesto, hay un capell\u00e1n en la c\u00e1rcel los domingos, cuando los voluntarios de la iglesia vienen a dirigir los servicios religiosos.  <\/p>\n<p>Cada d\u00eda es ajetreado en la c\u00e1rcel, y un capell\u00e1n puede no saber qu\u00e9 esperar hasta que llega. Pero est\u00e1 claro que la obra de Dios se hace dentro de esos muros, cuando los capellanes de la FJPM llevan el amor de Cristo a las personas en un momento dif\u00edcil de sus vidas. <\/p>\n\t\t\t\t\t\t\t\t<\/div>\n\t\t\t\t<\/div>\n\t\t\t\t\t<\/div>\n\t\t<\/div>\n\t\t\t\t\t<\/div>\n\t\t<\/section>\n\t\t\t\t<\/div>\n\t\t","protected":false},"excerpt":{"rendered":"<p>Los capellanes de Forsyth Jail &amp; Prison Ministries sirven tanto a los delincuentes del Centro Correccional de Forsyth (prisi\u00f3n) como a los reclusos del Centro de Detenci\u00f3n del Condado de Forsyth (c\u00e1rcel). Su funci\u00f3n es compartir el amor y el perd\u00f3n de Cristo, practicar el ministerio de la presencia y el consejo tanto con los [&hellip;]<\/p>\n","protected":false},"author":6,"featured_media":0,"comment_status":"closed","ping_status":"open","sticky":false,"template":"","format":"standard","meta":{"footnotes":""},"categories":[12],"tags":[],"class_list":["post-5609","post","type-post","status-publish","format-standard","hentry","category-sin-categorizar"],"yoast_head":"<!-- This site is optimized with the Yoast SEO plugin v27.5 - https:\/\/yoast.com\/product\/yoast-seo-wordpress\/ -->\n<title>Un d\u00eda en la vida de un capell\u00e1n | Forsyth Jail &amp; Prison Ministries<\/title>\n<meta name=\"description\" content=\"Un d\u00eda en la vida de un capell\u00e1n de c\u00e1rcel es variado, puede ser duro y, sin embargo, siempre est\u00e1 lleno de momentos sagrados de ministerio.\" \/>\n<meta name=\"robots\" content=\"index, follow, max-snippet:-1, max-image-preview:large, max-video-preview:-1\" \/>\n<link rel=\"canonical\" href=\"https:\/\/forsythjpm.org\/es\/un-dia-en-la-vida-de-un-capellan\/\" \/>\n<meta property=\"og:locale\" content=\"es_ES\" \/>\n<meta property=\"og:type\" content=\"article\" \/>\n<meta property=\"og:title\" content=\"Un d\u00eda en la vida de un capell\u00e1n | Forsyth Jail &amp; Prison Ministries\" \/>\n<meta property=\"og:description\" content=\"Un d\u00eda en la vida de un capell\u00e1n de c\u00e1rcel es variado, puede ser duro y, sin embargo, siempre est\u00e1 lleno de momentos sagrados de ministerio.\" \/>\n<meta property=\"og:url\" content=\"https:\/\/forsythjpm.org\/es\/un-dia-en-la-vida-de-un-capellan\/\" \/>\n<meta property=\"og:site_name\" content=\"Forsyth Jail &amp; Prison Ministries\" \/>\n<meta property=\"article:publisher\" content=\"https:\/\/www.facebook.com\/Forsyth-Jail-and-Prison-Ministries-173912358447\/\" \/>\n<meta property=\"article:published_time\" content=\"2025-03-11T16:43:38+00:00\" \/>\n<meta property=\"article:modified_time\" content=\"2025-03-31T18:17:31+00:00\" \/>\n<meta property=\"og:image\" content=\"https:\/\/forsythjpm.org\/wp-content\/uploads\/2025\/03\/Chaplain-Smalls.jpg\" \/>\n\t<meta property=\"og:image:width\" content=\"1512\" \/>\n\t<meta property=\"og:image:height\" content=\"2016\" \/>\n\t<meta property=\"og:image:type\" content=\"image\/jpeg\" \/>\n<meta name=\"author\" content=\"Holly Kessler\" \/>\n<meta name=\"twitter:card\" content=\"summary_large_image\" \/>\n<meta name=\"twitter:creator\" content=\"@insidefjpm\" \/>\n<meta name=\"twitter:site\" content=\"@insidefjpm\" \/>\n<meta name=\"twitter:label1\" content=\"Escrito por\" \/>\n\t<meta name=\"twitter:data1\" content=\"Holly Kessler\" \/>\n\t<meta name=\"twitter:label2\" content=\"Tiempo de lectura\" \/>\n\t<meta name=\"twitter:data2\" content=\"3 minutos\" \/>\n<script type=\"application\/ld+json\" class=\"yoast-schema-graph\">{\"@context\":\"https:\\\/\\\/schema.org\",\"@graph\":[{\"@type\":\"Article\",\"@id\":\"https:\\\/\\\/forsythjpm.org\\\/es\\\/un-dia-en-la-vida-de-un-capellan\\\/#article\",\"isPartOf\":{\"@id\":\"https:\\\/\\\/forsythjpm.org\\\/es\\\/un-dia-en-la-vida-de-un-capellan\\\/\"},\"author\":{\"name\":\"Holly Kessler\",\"@id\":\"https:\\\/\\\/forsythjpm.org\\\/es\\\/#\\\/schema\\\/person\\\/97d9a2d8f40aa4e501d10bbd389f55a6\"},\"headline\":\"Un d\u00eda en la vida de un capell\u00e1n\",\"datePublished\":\"2025-03-11T16:43:38+00:00\",\"dateModified\":\"2025-03-31T18:17:31+00:00\",\"mainEntityOfPage\":{\"@id\":\"https:\\\/\\\/forsythjpm.org\\\/es\\\/un-dia-en-la-vida-de-un-capellan\\\/\"},\"wordCount\":559,\"publisher\":{\"@id\":\"https:\\\/\\\/forsythjpm.org\\\/es\\\/#organization\"},\"image\":{\"@id\":\"https:\\\/\\\/forsythjpm.org\\\/es\\\/un-dia-en-la-vida-de-un-capellan\\\/#primaryimage\"},\"thumbnailUrl\":\"https:\\\/\\\/forsythjpm.org\\\/wp-content\\\/uploads\\\/2025\\\/03\\\/Chaplain-Smalls-768x1024.jpg\",\"articleSection\":[\"Sin categorizar\"],\"inLanguage\":\"es\"},{\"@type\":\"WebPage\",\"@id\":\"https:\\\/\\\/forsythjpm.org\\\/es\\\/un-dia-en-la-vida-de-un-capellan\\\/\",\"url\":\"https:\\\/\\\/forsythjpm.org\\\/es\\\/un-dia-en-la-vida-de-un-capellan\\\/\",\"name\":\"Un d\u00eda en la vida de un capell\u00e1n | Forsyth Jail & Prison Ministries\",\"isPartOf\":{\"@id\":\"https:\\\/\\\/forsythjpm.org\\\/es\\\/#website\"},\"primaryImageOfPage\":{\"@id\":\"https:\\\/\\\/forsythjpm.org\\\/es\\\/un-dia-en-la-vida-de-un-capellan\\\/#primaryimage\"},\"image\":{\"@id\":\"https:\\\/\\\/forsythjpm.org\\\/es\\\/un-dia-en-la-vida-de-un-capellan\\\/#primaryimage\"},\"thumbnailUrl\":\"https:\\\/\\\/forsythjpm.org\\\/wp-content\\\/uploads\\\/2025\\\/03\\\/Chaplain-Smalls-768x1024.jpg\",\"datePublished\":\"2025-03-11T16:43:38+00:00\",\"dateModified\":\"2025-03-31T18:17:31+00:00\",\"description\":\"Un d\u00eda en la vida de un capell\u00e1n de c\u00e1rcel es variado, puede ser duro y, sin embargo, siempre est\u00e1 lleno de momentos sagrados de ministerio.\",\"breadcrumb\":{\"@id\":\"https:\\\/\\\/forsythjpm.org\\\/es\\\/un-dia-en-la-vida-de-un-capellan\\\/#breadcrumb\"},\"inLanguage\":\"es\",\"potentialAction\":[{\"@type\":\"ReadAction\",\"target\":[\"https:\\\/\\\/forsythjpm.org\\\/es\\\/un-dia-en-la-vida-de-un-capellan\\\/\"]}]},{\"@type\":\"ImageObject\",\"inLanguage\":\"es\",\"@id\":\"https:\\\/\\\/forsythjpm.org\\\/es\\\/un-dia-en-la-vida-de-un-capellan\\\/#primaryimage\",\"url\":\"https:\\\/\\\/forsythjpm.org\\\/wp-content\\\/uploads\\\/2025\\\/03\\\/Chaplain-Smalls-768x1024.jpg\",\"contentUrl\":\"https:\\\/\\\/forsythjpm.org\\\/wp-content\\\/uploads\\\/2025\\\/03\\\/Chaplain-Smalls-768x1024.jpg\"},{\"@type\":\"BreadcrumbList\",\"@id\":\"https:\\\/\\\/forsythjpm.org\\\/es\\\/un-dia-en-la-vida-de-un-capellan\\\/#breadcrumb\",\"itemListElement\":[{\"@type\":\"ListItem\",\"position\":1,\"name\":\"Home\",\"item\":\"https:\\\/\\\/forsythjpm.org\\\/es\\\/inicio\\\/\"},{\"@type\":\"ListItem\",\"position\":2,\"name\":\"Un d\u00eda en la vida de un capell\u00e1n\"}]},{\"@type\":\"WebSite\",\"@id\":\"https:\\\/\\\/forsythjpm.org\\\/es\\\/#website\",\"url\":\"https:\\\/\\\/forsythjpm.org\\\/es\\\/\",\"name\":\"Forsyth Jail &amp; Prison Ministries\",\"description\":\"Helping inmates prepare for a life outside of prison.\",\"publisher\":{\"@id\":\"https:\\\/\\\/forsythjpm.org\\\/es\\\/#organization\"},\"potentialAction\":[{\"@type\":\"SearchAction\",\"target\":{\"@type\":\"EntryPoint\",\"urlTemplate\":\"https:\\\/\\\/forsythjpm.org\\\/es\\\/?s={search_term_string}\"},\"query-input\":{\"@type\":\"PropertyValueSpecification\",\"valueRequired\":true,\"valueName\":\"search_term_string\"}}],\"inLanguage\":\"es\"},{\"@type\":\"Organization\",\"@id\":\"https:\\\/\\\/forsythjpm.org\\\/es\\\/#organization\",\"name\":\"Forsyth Jail & Prison Ministries\",\"url\":\"https:\\\/\\\/forsythjpm.org\\\/es\\\/\",\"logo\":{\"@type\":\"ImageObject\",\"inLanguage\":\"es\",\"@id\":\"https:\\\/\\\/forsythjpm.org\\\/es\\\/#\\\/schema\\\/logo\\\/image\\\/\",\"url\":\"https:\\\/\\\/forsythjpm.org\\\/wp-content\\\/uploads\\\/2022\\\/10\\\/forsyth-color-logo.png\",\"contentUrl\":\"https:\\\/\\\/forsythjpm.org\\\/wp-content\\\/uploads\\\/2022\\\/10\\\/forsyth-color-logo.png\",\"width\":800,\"height\":271,\"caption\":\"Forsyth Jail & Prison Ministries\"},\"image\":{\"@id\":\"https:\\\/\\\/forsythjpm.org\\\/es\\\/#\\\/schema\\\/logo\\\/image\\\/\"},\"sameAs\":[\"https:\\\/\\\/www.facebook.com\\\/Forsyth-Jail-and-Prison-Ministries-173912358447\\\/\",\"https:\\\/\\\/x.com\\\/insidefjpm\",\"https:\\\/\\\/www.instagram.com\\\/insidefjpm\\\/\"]},{\"@type\":\"Person\",\"@id\":\"https:\\\/\\\/forsythjpm.org\\\/es\\\/#\\\/schema\\\/person\\\/97d9a2d8f40aa4e501d10bbd389f55a6\",\"name\":\"Holly Kessler\",\"image\":{\"@type\":\"ImageObject\",\"inLanguage\":\"es\",\"@id\":\"https:\\\/\\\/secure.gravatar.com\\\/avatar\\\/f02fe2e5e7fea141fcc3c3e805b522d088599913999f0e99860ed7d1ff43dc70?s=96&d=mm&r=g\",\"url\":\"https:\\\/\\\/secure.gravatar.com\\\/avatar\\\/f02fe2e5e7fea141fcc3c3e805b522d088599913999f0e99860ed7d1ff43dc70?s=96&d=mm&r=g\",\"contentUrl\":\"https:\\\/\\\/secure.gravatar.com\\\/avatar\\\/f02fe2e5e7fea141fcc3c3e805b522d088599913999f0e99860ed7d1ff43dc70?s=96&d=mm&r=g\",\"caption\":\"Holly Kessler\"}}]}<\/script>\n<!-- \/ Yoast SEO plugin. -->","yoast_head_json":{"title":"Un d\u00eda en la vida de un capell\u00e1n | Forsyth Jail & Prison Ministries","description":"Un d\u00eda en la vida de un capell\u00e1n de c\u00e1rcel es variado, puede ser duro y, sin embargo, siempre est\u00e1 lleno de momentos sagrados de ministerio.","robots":{"index":"index","follow":"follow","max-snippet":"max-snippet:-1","max-image-preview":"max-image-preview:large","max-video-preview":"max-video-preview:-1"},"canonical":"https:\/\/forsythjpm.org\/es\/un-dia-en-la-vida-de-un-capellan\/","og_locale":"es_ES","og_type":"article","og_title":"Un d\u00eda en la vida de un capell\u00e1n | Forsyth Jail & Prison Ministries","og_description":"Un d\u00eda en la vida de un capell\u00e1n de c\u00e1rcel es variado, puede ser duro y, sin embargo, siempre est\u00e1 lleno de momentos sagrados de ministerio.","og_url":"https:\/\/forsythjpm.org\/es\/un-dia-en-la-vida-de-un-capellan\/","og_site_name":"Forsyth Jail &amp; Prison Ministries","article_publisher":"https:\/\/www.facebook.com\/Forsyth-Jail-and-Prison-Ministries-173912358447\/","article_published_time":"2025-03-11T16:43:38+00:00","article_modified_time":"2025-03-31T18:17:31+00:00","og_image":[{"width":1512,"height":2016,"url":"https:\/\/forsythjpm.org\/wp-content\/uploads\/2025\/03\/Chaplain-Smalls.jpg","type":"image\/jpeg"}],"author":"Holly Kessler","twitter_card":"summary_large_image","twitter_creator":"@insidefjpm","twitter_site":"@insidefjpm","twitter_misc":{"Escrito por":"Holly Kessler","Tiempo de lectura":"3 minutos"},"schema":{"@context":"https:\/\/schema.org","@graph":[{"@type":"Article","@id":"https:\/\/forsythjpm.org\/es\/un-dia-en-la-vida-de-un-capellan\/#article","isPartOf":{"@id":"https:\/\/forsythjpm.org\/es\/un-dia-en-la-vida-de-un-capellan\/"},"author":{"name":"Holly Kessler","@id":"https:\/\/forsythjpm.org\/es\/#\/schema\/person\/97d9a2d8f40aa4e501d10bbd389f55a6"},"headline":"Un d\u00eda en la vida de un capell\u00e1n","datePublished":"2025-03-11T16:43:38+00:00","dateModified":"2025-03-31T18:17:31+00:00","mainEntityOfPage":{"@id":"https:\/\/forsythjpm.org\/es\/un-dia-en-la-vida-de-un-capellan\/"},"wordCount":559,"publisher":{"@id":"https:\/\/forsythjpm.org\/es\/#organization"},"image":{"@id":"https:\/\/forsythjpm.org\/es\/un-dia-en-la-vida-de-un-capellan\/#primaryimage"},"thumbnailUrl":"https:\/\/forsythjpm.org\/wp-content\/uploads\/2025\/03\/Chaplain-Smalls-768x1024.jpg","articleSection":["Sin categorizar"],"inLanguage":"es"},{"@type":"WebPage","@id":"https:\/\/forsythjpm.org\/es\/un-dia-en-la-vida-de-un-capellan\/","url":"https:\/\/forsythjpm.org\/es\/un-dia-en-la-vida-de-un-capellan\/","name":"Un d\u00eda en la vida de un capell\u00e1n | Forsyth Jail & Prison Ministries","isPartOf":{"@id":"https:\/\/forsythjpm.org\/es\/#website"},"primaryImageOfPage":{"@id":"https:\/\/forsythjpm.org\/es\/un-dia-en-la-vida-de-un-capellan\/#primaryimage"},"image":{"@id":"https:\/\/forsythjpm.org\/es\/un-dia-en-la-vida-de-un-capellan\/#primaryimage"},"thumbnailUrl":"https:\/\/forsythjpm.org\/wp-content\/uploads\/2025\/03\/Chaplain-Smalls-768x1024.jpg","datePublished":"2025-03-11T16:43:38+00:00","dateModified":"2025-03-31T18:17:31+00:00","description":"Un d\u00eda en la vida de un capell\u00e1n de c\u00e1rcel es variado, puede ser duro y, sin embargo, siempre est\u00e1 lleno de momentos sagrados de ministerio.","breadcrumb":{"@id":"https:\/\/forsythjpm.org\/es\/un-dia-en-la-vida-de-un-capellan\/#breadcrumb"},"inLanguage":"es","potentialAction":[{"@type":"ReadAction","target":["https:\/\/forsythjpm.org\/es\/un-dia-en-la-vida-de-un-capellan\/"]}]},{"@type":"ImageObject","inLanguage":"es","@id":"https:\/\/forsythjpm.org\/es\/un-dia-en-la-vida-de-un-capellan\/#primaryimage","url":"https:\/\/forsythjpm.org\/wp-content\/uploads\/2025\/03\/Chaplain-Smalls-768x1024.jpg","contentUrl":"https:\/\/forsythjpm.org\/wp-content\/uploads\/2025\/03\/Chaplain-Smalls-768x1024.jpg"},{"@type":"BreadcrumbList","@id":"https:\/\/forsythjpm.org\/es\/un-dia-en-la-vida-de-un-capellan\/#breadcrumb","itemListElement":[{"@type":"ListItem","position":1,"name":"Home","item":"https:\/\/forsythjpm.org\/es\/inicio\/"},{"@type":"ListItem","position":2,"name":"Un d\u00eda en la vida de un capell\u00e1n"}]},{"@type":"WebSite","@id":"https:\/\/forsythjpm.org\/es\/#website","url":"https:\/\/forsythjpm.org\/es\/","name":"Forsyth Jail &amp; Prison Ministries","description":"Helping inmates prepare for a life outside of prison.","publisher":{"@id":"https:\/\/forsythjpm.org\/es\/#organization"},"potentialAction":[{"@type":"SearchAction","target":{"@type":"EntryPoint","urlTemplate":"https:\/\/forsythjpm.org\/es\/?s={search_term_string}"},"query-input":{"@type":"PropertyValueSpecification","valueRequired":true,"valueName":"search_term_string"}}],"inLanguage":"es"},{"@type":"Organization","@id":"https:\/\/forsythjpm.org\/es\/#organization","name":"Forsyth Jail & Prison Ministries","url":"https:\/\/forsythjpm.org\/es\/","logo":{"@type":"ImageObject","inLanguage":"es","@id":"https:\/\/forsythjpm.org\/es\/#\/schema\/logo\/image\/","url":"https:\/\/forsythjpm.org\/wp-content\/uploads\/2022\/10\/forsyth-color-logo.png","contentUrl":"https:\/\/forsythjpm.org\/wp-content\/uploads\/2022\/10\/forsyth-color-logo.png","width":800,"height":271,"caption":"Forsyth Jail & Prison Ministries"},"image":{"@id":"https:\/\/forsythjpm.org\/es\/#\/schema\/logo\/image\/"},"sameAs":["https:\/\/www.facebook.com\/Forsyth-Jail-and-Prison-Ministries-173912358447\/","https:\/\/x.com\/insidefjpm","https:\/\/www.instagram.com\/insidefjpm\/"]},{"@type":"Person","@id":"https:\/\/forsythjpm.org\/es\/#\/schema\/person\/97d9a2d8f40aa4e501d10bbd389f55a6","name":"Holly Kessler","image":{"@type":"ImageObject","inLanguage":"es","@id":"https:\/\/secure.gravatar.com\/avatar\/f02fe2e5e7fea141fcc3c3e805b522d088599913999f0e99860ed7d1ff43dc70?s=96&d=mm&r=g","url":"https:\/\/secure.gravatar.com\/avatar\/f02fe2e5e7fea141fcc3c3e805b522d088599913999f0e99860ed7d1ff43dc70?s=96&d=mm&r=g","contentUrl":"https:\/\/secure.gravatar.com\/avatar\/f02fe2e5e7fea141fcc3c3e805b522d088599913999f0e99860ed7d1ff43dc70?s=96&d=mm&r=g","caption":"Holly Kessler"}}]}},"meta_box":[],"_links":{"self":[{"href":"https:\/\/forsythjpm.org\/es\/wp-json\/wp\/v2\/posts\/5609","targetHints":{"allow":["GET"]}}],"collection":[{"href":"https:\/\/forsythjpm.org\/es\/wp-json\/wp\/v2\/posts"}],"about":[{"href":"https:\/\/forsythjpm.org\/es\/wp-json\/wp\/v2\/types\/post"}],"author":[{"embeddable":true,"href":"https:\/\/forsythjpm.org\/es\/wp-json\/wp\/v2\/users\/6"}],"replies":[{"embeddable":true,"href":"https:\/\/forsythjpm.org\/es\/wp-json\/wp\/v2\/comments?post=5609"}],"version-history":[{"count":1,"href":"https:\/\/forsythjpm.org\/es\/wp-json\/wp\/v2\/posts\/5609\/revisions"}],"predecessor-version":[{"id":5610,"href":"https:\/\/forsythjpm.org\/es\/wp-json\/wp\/v2\/posts\/5609\/revisions\/5610"}],"wp:attachment":[{"href":"https:\/\/forsythjpm.org\/es\/wp-json\/wp\/v2\/media?parent=5609"}],"wp:term":[{"taxonomy":"category","embeddable":true,"href":"https:\/\/forsythjpm.org\/es\/wp-json\/wp\/v2\/categories?post=5609"},{"taxonomy":"post_tag","embeddable":true,"href":"https:\/\/forsythjpm.org\/es\/wp-json\/wp\/v2\/tags?post=5609"}],"curies":[{"name":"wp","href":"https:\/\/api.w.org\/{rel}","templated":true}]}}