{"id":5004,"date":"2016-04-04T10:15:34","date_gmt":"2016-04-04T14:15:34","guid":{"rendered":"https:\/\/forsythjpm.org\/la-libertad-del-perdon\/"},"modified":"2016-04-04T10:15:34","modified_gmt":"2016-04-04T14:15:34","slug":"la-libertad-del-perdon","status":"publish","type":"post","link":"https:\/\/forsythjpm.org\/es\/la-libertad-del-perdon\/","title":{"rendered":"La libertad del perd\u00f3n"},"content":{"rendered":"<p>Durante la Cuaresma, los Ministerios de Prisiones y C\u00e1rceles de Forsyth se han centrado en el tema del perd\u00f3n en todos nuestros servicios religiosos, tanto en la prisi\u00f3n como en la c\u00e1rcel. Gracias a la generosidad de nuestros donantes y simpatizantes, pudimos comprar un ejemplar del libro de Marjorie J. Thompson El perd\u00f3n: A Lenten Study de Marjorie J. Thompson. M\u00e1s de 600 reclusos recibieron un ejemplar del libro y se unieron a nosotros en nuestro estudio sobre el perd\u00f3n.<\/p>\n<p>Cada semana, un capell\u00e1n dirigi\u00f3 una breve devoci\u00f3n en los tres servicios de la c\u00e1rcel sobre el perd\u00f3n, basada en uno de los seis cap\u00edtulos del libro. Adem\u00e1s, otro capell\u00e1n elabor\u00f3 un serm\u00f3n entero sobre el perd\u00f3n para el servicio vespertino de la prisi\u00f3n. A lo largo de las seis semanas de Cuaresma, experimentamos momentos de perd\u00f3n profundamente sanadores, a medida que los hombres y las mujeres se enfrentaban a su propia necesidad de perd\u00f3n (de Dios, de los dem\u00e1s y de s\u00ed mismos), as\u00ed como a su necesidad de perdonar a quienes les hab\u00edan hecho da\u00f1o.<\/p>\n<p>Un domingo por la noche tuve el privilegio de compartir un mensaje titulado \u00abLa libertad del perd\u00f3n\u00bb, basado en la par\u00e1bola de Jes\u00fas sobre el siervo que no perdona, en Mateo 18. Desafi\u00e9 a los casi 100 hombres reunidos en la capilla aquella tarde con la constataci\u00f3n de que las personas PERDONADAS deben ser personas PERDONADORAS. Los que hemos experimentado el perd\u00f3n de Cristo tenemos la responsabilidad de ofrecer el perd\u00f3n a los dem\u00e1s y, al hacerlo, nos liberamos de la prisi\u00f3n de la amargura.<\/p>\n<p>Al final del mensaje, tuvo lugar algo hermoso y sin gui\u00f3n. Uno de los voluntarios que hab\u00eda venido a cantar con el coro de la iglesia visitante aquella tarde se levant\u00f3 para compartir su testimonio. Habl\u00f3 de su familia y cont\u00f3 que una de sus hijas hab\u00eda muerto atropellada por un conductor ebrio, a menos de cinco kil\u00f3metros de su casa. Tambi\u00e9n comparti\u00f3 que, tras muchas oraciones y conversaciones, su familia acord\u00f3 perdonar al hombre responsable de la muerte de su hija. Incluso se reunieron con \u00e9l durante el juicio para hacerle part\u00edcipe de su perd\u00f3n. Desde entonces, la familia se mantiene en contacto con el asesino de su hija mientras cumple condena, y le escriben todas las Navidades.<\/p>\n<p>\u00bfTe imaginas la poderosa presencia del Esp\u00edritu Santo cuando este voluntario, de pie en la capilla de una prisi\u00f3n, rodeado de reclusos, comparti\u00f3 su historia de c\u00f3mo perdon\u00f3 al recluso que acab\u00f3 con la vida de su hija? Fue un momento impactante para todos los presentes, \u00a1incluido el capell\u00e1n! Sin embargo, antes de que los hombres pudieran reunir una ronda de aplausos por esta monumental historia de perd\u00f3n, el voluntario les detuvo y dijo: \u00abA menudo me preguntan c\u00f3mo es que podemos perdonar al asesino de nuestra hija, \u00a1y mi respuesta es que es s\u00f3lo a trav\u00e9s del poder de Jesucristo!\u00bb<\/p>\n<p>Este hombre, y su familia, fueron la ep\u00edstola viviente que hizo que las palabras de Jes\u00fas y mi serm\u00f3n salieran de la p\u00e1gina y llegaran a los corazones y las mentes de los hombres. Son un verdadero ejemplo de la libertad que se consigue a trav\u00e9s del perd\u00f3n, y s\u00e9 que su ejemplo ayud\u00f3 a liberar a algunos hombres que todav\u00eda est\u00e1n en prisi\u00f3n.<\/p>\n<p>-Capell\u00e1n Tejado Hanchell<\/p>\n","protected":false},"excerpt":{"rendered":"<p>Durante la Cuaresma, los Ministerios de Prisiones y C\u00e1rceles de Forsyth se han centrado en el tema del perd\u00f3n en todos nuestros servicios religiosos, tanto en la prisi\u00f3n como en la c\u00e1rcel. Gracias a la generosidad de nuestros donantes y simpatizantes, pudimos comprar un ejemplar del libro de Marjorie J. Thompson El perd\u00f3n: A Lenten [&hellip;]<\/p>\n","protected":false},"author":2,"featured_media":0,"comment_status":"closed","ping_status":"closed","sticky":false,"template":"","format":"standard","meta":{"footnotes":""},"categories":[12],"tags":[],"class_list":["post-5004","post","type-post","status-publish","format-standard","hentry","category-sin-categorizar"],"yoast_head":"<!-- This site is optimized with the Yoast SEO plugin v27.5 - https:\/\/yoast.com\/product\/yoast-seo-wordpress\/ -->\n<title>La libertad del perd\u00f3n - Forsyth Jail &amp; Prison Ministries<\/title>\n<meta name=\"robots\" content=\"index, follow, max-snippet:-1, max-image-preview:large, max-video-preview:-1\" \/>\n<link rel=\"canonical\" href=\"https:\/\/forsythjpm.org\/es\/la-libertad-del-perdon\/\" \/>\n<meta property=\"og:locale\" content=\"es_ES\" \/>\n<meta property=\"og:type\" content=\"article\" \/>\n<meta property=\"og:title\" content=\"La libertad del perd\u00f3n - Forsyth Jail &amp; Prison Ministries\" \/>\n<meta property=\"og:description\" content=\"Durante la Cuaresma, los Ministerios de Prisiones y C\u00e1rceles de Forsyth se han centrado en el tema del perd\u00f3n en todos nuestros servicios religiosos, tanto en la prisi\u00f3n como en la c\u00e1rcel. Gracias a la generosidad de nuestros donantes y simpatizantes, pudimos comprar un ejemplar del libro de Marjorie J. Thompson El perd\u00f3n: A Lenten [&hellip;]\" \/>\n<meta property=\"og:url\" content=\"https:\/\/forsythjpm.org\/es\/la-libertad-del-perdon\/\" \/>\n<meta property=\"og:site_name\" content=\"Forsyth Jail &amp; Prison Ministries\" \/>\n<meta property=\"article:publisher\" content=\"https:\/\/www.facebook.com\/Forsyth-Jail-and-Prison-Ministries-173912358447\/\" \/>\n<meta property=\"article:published_time\" content=\"2016-04-04T14:15:34+00:00\" \/>\n<meta property=\"og:image\" content=\"https:\/\/forsythjpm.org\/wp-content\/uploads\/2022\/10\/fjpm-facebook.jpg\" \/>\n\t<meta property=\"og:image:width\" content=\"1200\" \/>\n\t<meta property=\"og:image:height\" content=\"600\" \/>\n\t<meta property=\"og:image:type\" content=\"image\/jpeg\" \/>\n<meta name=\"author\" content=\"claudette\" \/>\n<meta name=\"twitter:card\" content=\"summary_large_image\" \/>\n<meta name=\"twitter:creator\" content=\"@insidefjpm\" \/>\n<meta name=\"twitter:site\" content=\"@insidefjpm\" \/>\n<meta name=\"twitter:label1\" content=\"Escrito por\" \/>\n\t<meta name=\"twitter:data1\" content=\"claudette\" \/>\n\t<meta name=\"twitter:label2\" content=\"Tiempo de lectura\" \/>\n\t<meta name=\"twitter:data2\" content=\"3 minutos\" \/>\n<script type=\"application\/ld+json\" class=\"yoast-schema-graph\">{\"@context\":\"https:\\\/\\\/schema.org\",\"@graph\":[{\"@type\":\"Article\",\"@id\":\"https:\\\/\\\/forsythjpm.org\\\/es\\\/la-libertad-del-perdon\\\/#article\",\"isPartOf\":{\"@id\":\"https:\\\/\\\/forsythjpm.org\\\/es\\\/la-libertad-del-perdon\\\/\"},\"author\":{\"name\":\"claudette\",\"@id\":\"https:\\\/\\\/forsythjpm.org\\\/es\\\/#\\\/schema\\\/person\\\/4fc1bfdd23d27c0fecf45d1dd155ca5b\"},\"headline\":\"La libertad del perd\u00f3n\",\"datePublished\":\"2016-04-04T14:15:34+00:00\",\"mainEntityOfPage\":{\"@id\":\"https:\\\/\\\/forsythjpm.org\\\/es\\\/la-libertad-del-perdon\\\/\"},\"wordCount\":606,\"publisher\":{\"@id\":\"https:\\\/\\\/forsythjpm.org\\\/es\\\/#organization\"},\"articleSection\":[\"Sin categorizar\"],\"inLanguage\":\"es\"},{\"@type\":\"WebPage\",\"@id\":\"https:\\\/\\\/forsythjpm.org\\\/es\\\/la-libertad-del-perdon\\\/\",\"url\":\"https:\\\/\\\/forsythjpm.org\\\/es\\\/la-libertad-del-perdon\\\/\",\"name\":\"La libertad del perd\u00f3n - Forsyth Jail &amp; Prison Ministries\",\"isPartOf\":{\"@id\":\"https:\\\/\\\/forsythjpm.org\\\/es\\\/#website\"},\"datePublished\":\"2016-04-04T14:15:34+00:00\",\"breadcrumb\":{\"@id\":\"https:\\\/\\\/forsythjpm.org\\\/es\\\/la-libertad-del-perdon\\\/#breadcrumb\"},\"inLanguage\":\"es\",\"potentialAction\":[{\"@type\":\"ReadAction\",\"target\":[\"https:\\\/\\\/forsythjpm.org\\\/es\\\/la-libertad-del-perdon\\\/\"]}]},{\"@type\":\"BreadcrumbList\",\"@id\":\"https:\\\/\\\/forsythjpm.org\\\/es\\\/la-libertad-del-perdon\\\/#breadcrumb\",\"itemListElement\":[{\"@type\":\"ListItem\",\"position\":1,\"name\":\"Home\",\"item\":\"https:\\\/\\\/forsythjpm.org\\\/es\\\/inicio\\\/\"},{\"@type\":\"ListItem\",\"position\":2,\"name\":\"La libertad del perd\u00f3n\"}]},{\"@type\":\"WebSite\",\"@id\":\"https:\\\/\\\/forsythjpm.org\\\/es\\\/#website\",\"url\":\"https:\\\/\\\/forsythjpm.org\\\/es\\\/\",\"name\":\"Forsyth Jail &amp; Prison Ministries\",\"description\":\"Helping inmates prepare for a life outside of prison.\",\"publisher\":{\"@id\":\"https:\\\/\\\/forsythjpm.org\\\/es\\\/#organization\"},\"potentialAction\":[{\"@type\":\"SearchAction\",\"target\":{\"@type\":\"EntryPoint\",\"urlTemplate\":\"https:\\\/\\\/forsythjpm.org\\\/es\\\/?s={search_term_string}\"},\"query-input\":{\"@type\":\"PropertyValueSpecification\",\"valueRequired\":true,\"valueName\":\"search_term_string\"}}],\"inLanguage\":\"es\"},{\"@type\":\"Organization\",\"@id\":\"https:\\\/\\\/forsythjpm.org\\\/es\\\/#organization\",\"name\":\"Forsyth Jail & Prison Ministries\",\"url\":\"https:\\\/\\\/forsythjpm.org\\\/es\\\/\",\"logo\":{\"@type\":\"ImageObject\",\"inLanguage\":\"es\",\"@id\":\"https:\\\/\\\/forsythjpm.org\\\/es\\\/#\\\/schema\\\/logo\\\/image\\\/\",\"url\":\"https:\\\/\\\/forsythjpm.org\\\/wp-content\\\/uploads\\\/2022\\\/10\\\/forsyth-color-logo.png\",\"contentUrl\":\"https:\\\/\\\/forsythjpm.org\\\/wp-content\\\/uploads\\\/2022\\\/10\\\/forsyth-color-logo.png\",\"width\":800,\"height\":271,\"caption\":\"Forsyth Jail & Prison Ministries\"},\"image\":{\"@id\":\"https:\\\/\\\/forsythjpm.org\\\/es\\\/#\\\/schema\\\/logo\\\/image\\\/\"},\"sameAs\":[\"https:\\\/\\\/www.facebook.com\\\/Forsyth-Jail-and-Prison-Ministries-173912358447\\\/\",\"https:\\\/\\\/x.com\\\/insidefjpm\",\"https:\\\/\\\/www.instagram.com\\\/insidefjpm\\\/\"]},{\"@type\":\"Person\",\"@id\":\"https:\\\/\\\/forsythjpm.org\\\/es\\\/#\\\/schema\\\/person\\\/4fc1bfdd23d27c0fecf45d1dd155ca5b\",\"name\":\"claudette\",\"image\":{\"@type\":\"ImageObject\",\"inLanguage\":\"es\",\"@id\":\"https:\\\/\\\/secure.gravatar.com\\\/avatar\\\/?s=96&d=mm&r=g\",\"url\":\"https:\\\/\\\/secure.gravatar.com\\\/avatar\\\/?s=96&d=mm&r=g\",\"contentUrl\":\"https:\\\/\\\/secure.gravatar.com\\\/avatar\\\/?s=96&d=mm&r=g\",\"caption\":\"claudette\"}}]}<\/script>\n<!-- \/ Yoast SEO plugin. -->","yoast_head_json":{"title":"La libertad del perd\u00f3n - Forsyth Jail &amp; Prison Ministries","robots":{"index":"index","follow":"follow","max-snippet":"max-snippet:-1","max-image-preview":"max-image-preview:large","max-video-preview":"max-video-preview:-1"},"canonical":"https:\/\/forsythjpm.org\/es\/la-libertad-del-perdon\/","og_locale":"es_ES","og_type":"article","og_title":"La libertad del perd\u00f3n - Forsyth Jail &amp; Prison Ministries","og_description":"Durante la Cuaresma, los Ministerios de Prisiones y C\u00e1rceles de Forsyth se han centrado en el tema del perd\u00f3n en todos nuestros servicios religiosos, tanto en la prisi\u00f3n como en la c\u00e1rcel. Gracias a la generosidad de nuestros donantes y simpatizantes, pudimos comprar un ejemplar del libro de Marjorie J. Thompson El perd\u00f3n: A Lenten [&hellip;]","og_url":"https:\/\/forsythjpm.org\/es\/la-libertad-del-perdon\/","og_site_name":"Forsyth Jail &amp; Prison Ministries","article_publisher":"https:\/\/www.facebook.com\/Forsyth-Jail-and-Prison-Ministries-173912358447\/","article_published_time":"2016-04-04T14:15:34+00:00","og_image":[{"width":1200,"height":600,"url":"https:\/\/forsythjpm.org\/wp-content\/uploads\/2022\/10\/fjpm-facebook.jpg","type":"image\/jpeg"}],"author":"claudette","twitter_card":"summary_large_image","twitter_creator":"@insidefjpm","twitter_site":"@insidefjpm","twitter_misc":{"Escrito por":"claudette","Tiempo de lectura":"3 minutos"},"schema":{"@context":"https:\/\/schema.org","@graph":[{"@type":"Article","@id":"https:\/\/forsythjpm.org\/es\/la-libertad-del-perdon\/#article","isPartOf":{"@id":"https:\/\/forsythjpm.org\/es\/la-libertad-del-perdon\/"},"author":{"name":"claudette","@id":"https:\/\/forsythjpm.org\/es\/#\/schema\/person\/4fc1bfdd23d27c0fecf45d1dd155ca5b"},"headline":"La libertad del perd\u00f3n","datePublished":"2016-04-04T14:15:34+00:00","mainEntityOfPage":{"@id":"https:\/\/forsythjpm.org\/es\/la-libertad-del-perdon\/"},"wordCount":606,"publisher":{"@id":"https:\/\/forsythjpm.org\/es\/#organization"},"articleSection":["Sin categorizar"],"inLanguage":"es"},{"@type":"WebPage","@id":"https:\/\/forsythjpm.org\/es\/la-libertad-del-perdon\/","url":"https:\/\/forsythjpm.org\/es\/la-libertad-del-perdon\/","name":"La libertad del perd\u00f3n - Forsyth Jail &amp; Prison Ministries","isPartOf":{"@id":"https:\/\/forsythjpm.org\/es\/#website"},"datePublished":"2016-04-04T14:15:34+00:00","breadcrumb":{"@id":"https:\/\/forsythjpm.org\/es\/la-libertad-del-perdon\/#breadcrumb"},"inLanguage":"es","potentialAction":[{"@type":"ReadAction","target":["https:\/\/forsythjpm.org\/es\/la-libertad-del-perdon\/"]}]},{"@type":"BreadcrumbList","@id":"https:\/\/forsythjpm.org\/es\/la-libertad-del-perdon\/#breadcrumb","itemListElement":[{"@type":"ListItem","position":1,"name":"Home","item":"https:\/\/forsythjpm.org\/es\/inicio\/"},{"@type":"ListItem","position":2,"name":"La libertad del perd\u00f3n"}]},{"@type":"WebSite","@id":"https:\/\/forsythjpm.org\/es\/#website","url":"https:\/\/forsythjpm.org\/es\/","name":"Forsyth Jail &amp; Prison Ministries","description":"Helping inmates prepare for a life outside of prison.","publisher":{"@id":"https:\/\/forsythjpm.org\/es\/#organization"},"potentialAction":[{"@type":"SearchAction","target":{"@type":"EntryPoint","urlTemplate":"https:\/\/forsythjpm.org\/es\/?s={search_term_string}"},"query-input":{"@type":"PropertyValueSpecification","valueRequired":true,"valueName":"search_term_string"}}],"inLanguage":"es"},{"@type":"Organization","@id":"https:\/\/forsythjpm.org\/es\/#organization","name":"Forsyth Jail & Prison Ministries","url":"https:\/\/forsythjpm.org\/es\/","logo":{"@type":"ImageObject","inLanguage":"es","@id":"https:\/\/forsythjpm.org\/es\/#\/schema\/logo\/image\/","url":"https:\/\/forsythjpm.org\/wp-content\/uploads\/2022\/10\/forsyth-color-logo.png","contentUrl":"https:\/\/forsythjpm.org\/wp-content\/uploads\/2022\/10\/forsyth-color-logo.png","width":800,"height":271,"caption":"Forsyth Jail & Prison Ministries"},"image":{"@id":"https:\/\/forsythjpm.org\/es\/#\/schema\/logo\/image\/"},"sameAs":["https:\/\/www.facebook.com\/Forsyth-Jail-and-Prison-Ministries-173912358447\/","https:\/\/x.com\/insidefjpm","https:\/\/www.instagram.com\/insidefjpm\/"]},{"@type":"Person","@id":"https:\/\/forsythjpm.org\/es\/#\/schema\/person\/4fc1bfdd23d27c0fecf45d1dd155ca5b","name":"claudette","image":{"@type":"ImageObject","inLanguage":"es","@id":"https:\/\/secure.gravatar.com\/avatar\/?s=96&d=mm&r=g","url":"https:\/\/secure.gravatar.com\/avatar\/?s=96&d=mm&r=g","contentUrl":"https:\/\/secure.gravatar.com\/avatar\/?s=96&d=mm&r=g","caption":"claudette"}}]}},"meta_box":[],"_links":{"self":[{"href":"https:\/\/forsythjpm.org\/es\/wp-json\/wp\/v2\/posts\/5004","targetHints":{"allow":["GET"]}}],"collection":[{"href":"https:\/\/forsythjpm.org\/es\/wp-json\/wp\/v2\/posts"}],"about":[{"href":"https:\/\/forsythjpm.org\/es\/wp-json\/wp\/v2\/types\/post"}],"author":[{"embeddable":true,"href":"https:\/\/forsythjpm.org\/es\/wp-json\/wp\/v2\/users\/2"}],"replies":[{"embeddable":true,"href":"https:\/\/forsythjpm.org\/es\/wp-json\/wp\/v2\/comments?post=5004"}],"version-history":[{"count":0,"href":"https:\/\/forsythjpm.org\/es\/wp-json\/wp\/v2\/posts\/5004\/revisions"}],"wp:attachment":[{"href":"https:\/\/forsythjpm.org\/es\/wp-json\/wp\/v2\/media?parent=5004"}],"wp:term":[{"taxonomy":"category","embeddable":true,"href":"https:\/\/forsythjpm.org\/es\/wp-json\/wp\/v2\/categories?post=5004"},{"taxonomy":"post_tag","embeddable":true,"href":"https:\/\/forsythjpm.org\/es\/wp-json\/wp\/v2\/tags?post=5004"}],"curies":[{"name":"wp","href":"https:\/\/api.w.org\/{rel}","templated":true}]}}