{"id":4950,"date":"2016-03-01T13:40:30","date_gmt":"2016-03-01T18:40:30","guid":{"rendered":"https:\/\/forsythjpm.org\/donde-estaria-yo-sin-el-ministerio-de-dios\/"},"modified":"2016-03-01T13:40:30","modified_gmt":"2016-03-01T18:40:30","slug":"donde-estaria-yo-sin-el-ministerio-de-dios","status":"publish","type":"post","link":"https:\/\/forsythjpm.org\/es\/donde-estaria-yo-sin-el-ministerio-de-dios\/","title":{"rendered":"\u00bfD\u00f3nde estar\u00eda yo sin el Ministerio de Dios?"},"content":{"rendered":"<p><em>\u00bfAqu\u00ed?<\/em><\/p>\n<p>Separaci\u00f3n en mi mente significa una divisi\u00f3n de, una separaci\u00f3n de caminos. El Ministerio de C\u00e1rceles y Prisiones de Forsyth cierra esa brecha y me permite tener comuni\u00f3n con Dios y una relaci\u00f3n con mi Creador. Si no existiera este ministerio, estar\u00eda en un lugar muy, muy oscuro. Mi hombre espiritual morir\u00eda de inanici\u00f3n. Pero alabado sea Dios porque el ministerio me permite tener una relaci\u00f3n con Dios. El ministerio libera el alma y colma las necesidades espirituales de las personas.<\/p>\n<p>Los capellanes ofrecen diversos servicios a los hombres y mujeres de la c\u00e1rcel y la prisi\u00f3n. El mes pasado mi madre, de 90 a\u00f1os, se cay\u00f3 y se rompi\u00f3 la cadera. Me permitieron llamar al hospital a trav\u00e9s de las oficinas del capell\u00e1n. En caso de fallecimiento de un familiar, ofrecen consuelo al recluso. Las pasadas Navidades vi a 100 ni\u00f1os disfrutar de la Navidad con sus padres y recibir juguetes gracias al ministerio.<\/p>\n<p>Por tanto, \u00e9ste es el ministerio de Dios para la comunidad y los residentes del condado de Forsyth. Sin ella, muchos sufrir\u00edan. Dios bendiga este ministerio y a todos los que forman parte de \u00e9l. \u00abJimmy\u00bb: un preso de la c\u00e1rcel de Forsyth.<\/p>\n","protected":false},"excerpt":{"rendered":"<p>\u00bfAqu\u00ed? Separaci\u00f3n en mi mente significa una divisi\u00f3n de, una separaci\u00f3n de caminos. El Ministerio de C\u00e1rceles y Prisiones de Forsyth cierra esa brecha y me permite tener comuni\u00f3n con Dios y una relaci\u00f3n con mi Creador. Si no existiera este ministerio, estar\u00eda en un lugar muy, muy oscuro. Mi hombre espiritual morir\u00eda de inanici\u00f3n. [&hellip;]<\/p>\n","protected":false},"author":2,"featured_media":0,"comment_status":"closed","ping_status":"closed","sticky":false,"template":"","format":"standard","meta":{"footnotes":""},"categories":[12],"tags":[],"class_list":["post-4950","post","type-post","status-publish","format-standard","hentry","category-sin-categorizar"],"yoast_head":"<!-- This site is optimized with the Yoast SEO plugin v27.5 - https:\/\/yoast.com\/product\/yoast-seo-wordpress\/ -->\n<title>\u00bfD\u00f3nde estar\u00eda yo sin el Ministerio de Dios? - Forsyth Jail &amp; Prison Ministries<\/title>\n<meta name=\"robots\" content=\"index, follow, max-snippet:-1, max-image-preview:large, max-video-preview:-1\" \/>\n<link rel=\"canonical\" href=\"https:\/\/forsythjpm.org\/es\/donde-estaria-yo-sin-el-ministerio-de-dios\/\" \/>\n<meta property=\"og:locale\" content=\"es_ES\" \/>\n<meta property=\"og:type\" content=\"article\" \/>\n<meta property=\"og:title\" content=\"\u00bfD\u00f3nde estar\u00eda yo sin el Ministerio de Dios? - Forsyth Jail &amp; Prison Ministries\" \/>\n<meta property=\"og:description\" content=\"\u00bfAqu\u00ed? Separaci\u00f3n en mi mente significa una divisi\u00f3n de, una separaci\u00f3n de caminos. El Ministerio de C\u00e1rceles y Prisiones de Forsyth cierra esa brecha y me permite tener comuni\u00f3n con Dios y una relaci\u00f3n con mi Creador. Si no existiera este ministerio, estar\u00eda en un lugar muy, muy oscuro. Mi hombre espiritual morir\u00eda de inanici\u00f3n. [&hellip;]\" \/>\n<meta property=\"og:url\" content=\"https:\/\/forsythjpm.org\/es\/donde-estaria-yo-sin-el-ministerio-de-dios\/\" \/>\n<meta property=\"og:site_name\" content=\"Forsyth Jail &amp; Prison Ministries\" \/>\n<meta property=\"article:publisher\" content=\"https:\/\/www.facebook.com\/Forsyth-Jail-and-Prison-Ministries-173912358447\/\" \/>\n<meta property=\"article:published_time\" content=\"2016-03-01T18:40:30+00:00\" \/>\n<meta property=\"og:image\" content=\"https:\/\/forsythjpm.org\/wp-content\/uploads\/2022\/10\/fjpm-facebook.jpg\" \/>\n\t<meta property=\"og:image:width\" content=\"1200\" \/>\n\t<meta property=\"og:image:height\" content=\"600\" \/>\n\t<meta property=\"og:image:type\" content=\"image\/jpeg\" \/>\n<meta name=\"author\" content=\"claudette\" \/>\n<meta name=\"twitter:card\" content=\"summary_large_image\" \/>\n<meta name=\"twitter:creator\" content=\"@insidefjpm\" \/>\n<meta name=\"twitter:site\" content=\"@insidefjpm\" \/>\n<meta name=\"twitter:label1\" content=\"Escrito por\" \/>\n\t<meta name=\"twitter:data1\" content=\"claudette\" \/>\n\t<meta name=\"twitter:label2\" content=\"Tiempo de lectura\" \/>\n\t<meta name=\"twitter:data2\" content=\"1 minuto\" \/>\n<script type=\"application\/ld+json\" class=\"yoast-schema-graph\">{\"@context\":\"https:\\\/\\\/schema.org\",\"@graph\":[{\"@type\":\"Article\",\"@id\":\"https:\\\/\\\/forsythjpm.org\\\/es\\\/donde-estaria-yo-sin-el-ministerio-de-dios\\\/#article\",\"isPartOf\":{\"@id\":\"https:\\\/\\\/forsythjpm.org\\\/es\\\/donde-estaria-yo-sin-el-ministerio-de-dios\\\/\"},\"author\":{\"name\":\"claudette\",\"@id\":\"https:\\\/\\\/forsythjpm.org\\\/es\\\/#\\\/schema\\\/person\\\/4fc1bfdd23d27c0fecf45d1dd155ca5b\"},\"headline\":\"\u00bfD\u00f3nde estar\u00eda yo sin el Ministerio de Dios?\",\"datePublished\":\"2016-03-01T18:40:30+00:00\",\"mainEntityOfPage\":{\"@id\":\"https:\\\/\\\/forsythjpm.org\\\/es\\\/donde-estaria-yo-sin-el-ministerio-de-dios\\\/\"},\"wordCount\":225,\"publisher\":{\"@id\":\"https:\\\/\\\/forsythjpm.org\\\/es\\\/#organization\"},\"articleSection\":[\"Sin categorizar\"],\"inLanguage\":\"es\"},{\"@type\":\"WebPage\",\"@id\":\"https:\\\/\\\/forsythjpm.org\\\/es\\\/donde-estaria-yo-sin-el-ministerio-de-dios\\\/\",\"url\":\"https:\\\/\\\/forsythjpm.org\\\/es\\\/donde-estaria-yo-sin-el-ministerio-de-dios\\\/\",\"name\":\"\u00bfD\u00f3nde estar\u00eda yo sin el Ministerio de Dios? - Forsyth Jail &amp; Prison Ministries\",\"isPartOf\":{\"@id\":\"https:\\\/\\\/forsythjpm.org\\\/es\\\/#website\"},\"datePublished\":\"2016-03-01T18:40:30+00:00\",\"breadcrumb\":{\"@id\":\"https:\\\/\\\/forsythjpm.org\\\/es\\\/donde-estaria-yo-sin-el-ministerio-de-dios\\\/#breadcrumb\"},\"inLanguage\":\"es\",\"potentialAction\":[{\"@type\":\"ReadAction\",\"target\":[\"https:\\\/\\\/forsythjpm.org\\\/es\\\/donde-estaria-yo-sin-el-ministerio-de-dios\\\/\"]}]},{\"@type\":\"BreadcrumbList\",\"@id\":\"https:\\\/\\\/forsythjpm.org\\\/es\\\/donde-estaria-yo-sin-el-ministerio-de-dios\\\/#breadcrumb\",\"itemListElement\":[{\"@type\":\"ListItem\",\"position\":1,\"name\":\"Home\",\"item\":\"https:\\\/\\\/forsythjpm.org\\\/es\\\/inicio\\\/\"},{\"@type\":\"ListItem\",\"position\":2,\"name\":\"\u00bfD\u00f3nde estar\u00eda yo sin el Ministerio de Dios?\"}]},{\"@type\":\"WebSite\",\"@id\":\"https:\\\/\\\/forsythjpm.org\\\/es\\\/#website\",\"url\":\"https:\\\/\\\/forsythjpm.org\\\/es\\\/\",\"name\":\"Forsyth Jail &amp; Prison Ministries\",\"description\":\"Helping inmates prepare for a life outside of prison.\",\"publisher\":{\"@id\":\"https:\\\/\\\/forsythjpm.org\\\/es\\\/#organization\"},\"potentialAction\":[{\"@type\":\"SearchAction\",\"target\":{\"@type\":\"EntryPoint\",\"urlTemplate\":\"https:\\\/\\\/forsythjpm.org\\\/es\\\/?s={search_term_string}\"},\"query-input\":{\"@type\":\"PropertyValueSpecification\",\"valueRequired\":true,\"valueName\":\"search_term_string\"}}],\"inLanguage\":\"es\"},{\"@type\":\"Organization\",\"@id\":\"https:\\\/\\\/forsythjpm.org\\\/es\\\/#organization\",\"name\":\"Forsyth Jail & Prison Ministries\",\"url\":\"https:\\\/\\\/forsythjpm.org\\\/es\\\/\",\"logo\":{\"@type\":\"ImageObject\",\"inLanguage\":\"es\",\"@id\":\"https:\\\/\\\/forsythjpm.org\\\/es\\\/#\\\/schema\\\/logo\\\/image\\\/\",\"url\":\"https:\\\/\\\/forsythjpm.org\\\/wp-content\\\/uploads\\\/2022\\\/10\\\/forsyth-color-logo.png\",\"contentUrl\":\"https:\\\/\\\/forsythjpm.org\\\/wp-content\\\/uploads\\\/2022\\\/10\\\/forsyth-color-logo.png\",\"width\":800,\"height\":271,\"caption\":\"Forsyth Jail & Prison Ministries\"},\"image\":{\"@id\":\"https:\\\/\\\/forsythjpm.org\\\/es\\\/#\\\/schema\\\/logo\\\/image\\\/\"},\"sameAs\":[\"https:\\\/\\\/www.facebook.com\\\/Forsyth-Jail-and-Prison-Ministries-173912358447\\\/\",\"https:\\\/\\\/x.com\\\/insidefjpm\",\"https:\\\/\\\/www.instagram.com\\\/insidefjpm\\\/\"]},{\"@type\":\"Person\",\"@id\":\"https:\\\/\\\/forsythjpm.org\\\/es\\\/#\\\/schema\\\/person\\\/4fc1bfdd23d27c0fecf45d1dd155ca5b\",\"name\":\"claudette\",\"image\":{\"@type\":\"ImageObject\",\"inLanguage\":\"es\",\"@id\":\"https:\\\/\\\/secure.gravatar.com\\\/avatar\\\/?s=96&d=mm&r=g\",\"url\":\"https:\\\/\\\/secure.gravatar.com\\\/avatar\\\/?s=96&d=mm&r=g\",\"contentUrl\":\"https:\\\/\\\/secure.gravatar.com\\\/avatar\\\/?s=96&d=mm&r=g\",\"caption\":\"claudette\"}}]}<\/script>\n<!-- \/ Yoast SEO plugin. -->","yoast_head_json":{"title":"\u00bfD\u00f3nde estar\u00eda yo sin el Ministerio de Dios? - Forsyth Jail &amp; Prison Ministries","robots":{"index":"index","follow":"follow","max-snippet":"max-snippet:-1","max-image-preview":"max-image-preview:large","max-video-preview":"max-video-preview:-1"},"canonical":"https:\/\/forsythjpm.org\/es\/donde-estaria-yo-sin-el-ministerio-de-dios\/","og_locale":"es_ES","og_type":"article","og_title":"\u00bfD\u00f3nde estar\u00eda yo sin el Ministerio de Dios? - Forsyth Jail &amp; Prison Ministries","og_description":"\u00bfAqu\u00ed? Separaci\u00f3n en mi mente significa una divisi\u00f3n de, una separaci\u00f3n de caminos. El Ministerio de C\u00e1rceles y Prisiones de Forsyth cierra esa brecha y me permite tener comuni\u00f3n con Dios y una relaci\u00f3n con mi Creador. Si no existiera este ministerio, estar\u00eda en un lugar muy, muy oscuro. Mi hombre espiritual morir\u00eda de inanici\u00f3n. [&hellip;]","og_url":"https:\/\/forsythjpm.org\/es\/donde-estaria-yo-sin-el-ministerio-de-dios\/","og_site_name":"Forsyth Jail &amp; Prison Ministries","article_publisher":"https:\/\/www.facebook.com\/Forsyth-Jail-and-Prison-Ministries-173912358447\/","article_published_time":"2016-03-01T18:40:30+00:00","og_image":[{"width":1200,"height":600,"url":"https:\/\/forsythjpm.org\/wp-content\/uploads\/2022\/10\/fjpm-facebook.jpg","type":"image\/jpeg"}],"author":"claudette","twitter_card":"summary_large_image","twitter_creator":"@insidefjpm","twitter_site":"@insidefjpm","twitter_misc":{"Escrito por":"claudette","Tiempo de lectura":"1 minuto"},"schema":{"@context":"https:\/\/schema.org","@graph":[{"@type":"Article","@id":"https:\/\/forsythjpm.org\/es\/donde-estaria-yo-sin-el-ministerio-de-dios\/#article","isPartOf":{"@id":"https:\/\/forsythjpm.org\/es\/donde-estaria-yo-sin-el-ministerio-de-dios\/"},"author":{"name":"claudette","@id":"https:\/\/forsythjpm.org\/es\/#\/schema\/person\/4fc1bfdd23d27c0fecf45d1dd155ca5b"},"headline":"\u00bfD\u00f3nde estar\u00eda yo sin el Ministerio de Dios?","datePublished":"2016-03-01T18:40:30+00:00","mainEntityOfPage":{"@id":"https:\/\/forsythjpm.org\/es\/donde-estaria-yo-sin-el-ministerio-de-dios\/"},"wordCount":225,"publisher":{"@id":"https:\/\/forsythjpm.org\/es\/#organization"},"articleSection":["Sin categorizar"],"inLanguage":"es"},{"@type":"WebPage","@id":"https:\/\/forsythjpm.org\/es\/donde-estaria-yo-sin-el-ministerio-de-dios\/","url":"https:\/\/forsythjpm.org\/es\/donde-estaria-yo-sin-el-ministerio-de-dios\/","name":"\u00bfD\u00f3nde estar\u00eda yo sin el Ministerio de Dios? - Forsyth Jail &amp; Prison Ministries","isPartOf":{"@id":"https:\/\/forsythjpm.org\/es\/#website"},"datePublished":"2016-03-01T18:40:30+00:00","breadcrumb":{"@id":"https:\/\/forsythjpm.org\/es\/donde-estaria-yo-sin-el-ministerio-de-dios\/#breadcrumb"},"inLanguage":"es","potentialAction":[{"@type":"ReadAction","target":["https:\/\/forsythjpm.org\/es\/donde-estaria-yo-sin-el-ministerio-de-dios\/"]}]},{"@type":"BreadcrumbList","@id":"https:\/\/forsythjpm.org\/es\/donde-estaria-yo-sin-el-ministerio-de-dios\/#breadcrumb","itemListElement":[{"@type":"ListItem","position":1,"name":"Home","item":"https:\/\/forsythjpm.org\/es\/inicio\/"},{"@type":"ListItem","position":2,"name":"\u00bfD\u00f3nde estar\u00eda yo sin el Ministerio de Dios?"}]},{"@type":"WebSite","@id":"https:\/\/forsythjpm.org\/es\/#website","url":"https:\/\/forsythjpm.org\/es\/","name":"Forsyth Jail &amp; Prison Ministries","description":"Helping inmates prepare for a life outside of prison.","publisher":{"@id":"https:\/\/forsythjpm.org\/es\/#organization"},"potentialAction":[{"@type":"SearchAction","target":{"@type":"EntryPoint","urlTemplate":"https:\/\/forsythjpm.org\/es\/?s={search_term_string}"},"query-input":{"@type":"PropertyValueSpecification","valueRequired":true,"valueName":"search_term_string"}}],"inLanguage":"es"},{"@type":"Organization","@id":"https:\/\/forsythjpm.org\/es\/#organization","name":"Forsyth Jail & Prison Ministries","url":"https:\/\/forsythjpm.org\/es\/","logo":{"@type":"ImageObject","inLanguage":"es","@id":"https:\/\/forsythjpm.org\/es\/#\/schema\/logo\/image\/","url":"https:\/\/forsythjpm.org\/wp-content\/uploads\/2022\/10\/forsyth-color-logo.png","contentUrl":"https:\/\/forsythjpm.org\/wp-content\/uploads\/2022\/10\/forsyth-color-logo.png","width":800,"height":271,"caption":"Forsyth Jail & Prison Ministries"},"image":{"@id":"https:\/\/forsythjpm.org\/es\/#\/schema\/logo\/image\/"},"sameAs":["https:\/\/www.facebook.com\/Forsyth-Jail-and-Prison-Ministries-173912358447\/","https:\/\/x.com\/insidefjpm","https:\/\/www.instagram.com\/insidefjpm\/"]},{"@type":"Person","@id":"https:\/\/forsythjpm.org\/es\/#\/schema\/person\/4fc1bfdd23d27c0fecf45d1dd155ca5b","name":"claudette","image":{"@type":"ImageObject","inLanguage":"es","@id":"https:\/\/secure.gravatar.com\/avatar\/?s=96&d=mm&r=g","url":"https:\/\/secure.gravatar.com\/avatar\/?s=96&d=mm&r=g","contentUrl":"https:\/\/secure.gravatar.com\/avatar\/?s=96&d=mm&r=g","caption":"claudette"}}]}},"meta_box":[],"_links":{"self":[{"href":"https:\/\/forsythjpm.org\/es\/wp-json\/wp\/v2\/posts\/4950","targetHints":{"allow":["GET"]}}],"collection":[{"href":"https:\/\/forsythjpm.org\/es\/wp-json\/wp\/v2\/posts"}],"about":[{"href":"https:\/\/forsythjpm.org\/es\/wp-json\/wp\/v2\/types\/post"}],"author":[{"embeddable":true,"href":"https:\/\/forsythjpm.org\/es\/wp-json\/wp\/v2\/users\/2"}],"replies":[{"embeddable":true,"href":"https:\/\/forsythjpm.org\/es\/wp-json\/wp\/v2\/comments?post=4950"}],"version-history":[{"count":0,"href":"https:\/\/forsythjpm.org\/es\/wp-json\/wp\/v2\/posts\/4950\/revisions"}],"wp:attachment":[{"href":"https:\/\/forsythjpm.org\/es\/wp-json\/wp\/v2\/media?parent=4950"}],"wp:term":[{"taxonomy":"category","embeddable":true,"href":"https:\/\/forsythjpm.org\/es\/wp-json\/wp\/v2\/categories?post=4950"},{"taxonomy":"post_tag","embeddable":true,"href":"https:\/\/forsythjpm.org\/es\/wp-json\/wp\/v2\/tags?post=4950"}],"curies":[{"name":"wp","href":"https:\/\/api.w.org\/{rel}","templated":true}]}}