{"id":4942,"date":"2016-01-28T15:18:12","date_gmt":"2016-01-28T20:18:12","guid":{"rendered":"https:\/\/forsythjpm.org\/de-pie-junto-a\/"},"modified":"2016-01-28T15:18:12","modified_gmt":"2016-01-28T20:18:12","slug":"de-pie-junto-a","status":"publish","type":"post","link":"https:\/\/forsythjpm.org\/es\/de-pie-junto-a\/","title":{"rendered":"De pie junto a"},"content":{"rendered":"<p>Una noche, despu\u00e9s de una clase de 7 H\u00e1bitos, John se acerc\u00f3 mucho y dijo: \u00abS\u00f3lo queremos dos cosas: saber que alguien se preocupa y una segunda oportunidad. Los que ven\u00eds aqu\u00ed lo hac\u00e9is\u00bb.<\/p>\n<p>La Madre Teresa dice que lo que va mal en nuestro mundo es que \u00abhemos olvidado que nos pertenecemos unos a otros\u00bb. Gregory Boyle, en su libro Tatuajes en el coraz\u00f3n, cuenta a trav\u00e9s de las historias de los j\u00f3venes pandilleros del sur de Los \u00c1ngeles a los que ha ministrado durante m\u00e1s de 30 a\u00f1os c\u00f3mo le han mostrado lo que \u00e9l llama el poder del parentesco. Cuanto m\u00e1s cerca estamos de Dios, m\u00e1s nos parecemos a \u00c9l. Del mismo modo, cuanto m\u00e1s cerca estamos unos de otros, menos luz diurna hay entre nosotros y m\u00e1s nos comprendemos mejor y nos amamos. Al inhalar la plenitud de Dios, podemos exhalarla unos sobre otros. Algunos describen as\u00ed el cielo.<\/p>\n<p>Jes\u00fas dijo que hab\u00eda venido a anunciar \u00abla buena nueva a los pobres\u00bb, a dar \u00abvista a los ciegos\u00bb y \u00ablibertad a los cautivos\u00bb. Lo hizo acerc\u00e1ndose a los \u00faltimos y perdidos y mostrando su parentesco con nosotros.<\/p>\n<p>Eso es lo que hacen cada a\u00f1o los m\u00e1s de 700 voluntarios que visitan, escuchan y se preocupan por los hombres y mujeres de la prisi\u00f3n y la c\u00e1rcel. Lo que han inhalado, lo exhalan. En esta \u00e9poca del a\u00f1o en que celebramos la venida del Ni\u00f1o Jes\u00fas, recordemos y propong\u00e1monos permanecer cerca unos de otros, especialmente de los que la sociedad ha olvidado. Al demostrar que te importa y dar a otro una segunda oportunidad, obtendr\u00e1s una visi\u00f3n del cielo y quiz\u00e1 incluso tu propia segunda oportunidad.<\/p>\n<p>Robert Esleeck, Director del Programa Transici\u00f3n 2 al Trabajo<\/p>\n","protected":false},"excerpt":{"rendered":"<p>Una noche, despu\u00e9s de una clase de 7 H\u00e1bitos, John se acerc\u00f3 mucho y dijo: \u00abS\u00f3lo queremos dos cosas: saber que alguien se preocupa y una segunda oportunidad. Los que ven\u00eds aqu\u00ed lo hac\u00e9is\u00bb. La Madre Teresa dice que lo que va mal en nuestro mundo es que \u00abhemos olvidado que nos pertenecemos unos a [&hellip;]<\/p>\n","protected":false},"author":2,"featured_media":0,"comment_status":"closed","ping_status":"closed","sticky":false,"template":"","format":"standard","meta":{"footnotes":""},"categories":[12],"tags":[],"class_list":["post-4942","post","type-post","status-publish","format-standard","hentry","category-sin-categorizar"],"yoast_head":"<!-- This site is optimized with the Yoast SEO plugin v27.5 - https:\/\/yoast.com\/product\/yoast-seo-wordpress\/ -->\n<title>De pie junto a - Forsyth Jail &amp; Prison Ministries<\/title>\n<meta name=\"robots\" content=\"index, follow, max-snippet:-1, max-image-preview:large, max-video-preview:-1\" \/>\n<link rel=\"canonical\" href=\"https:\/\/forsythjpm.org\/es\/de-pie-junto-a\/\" \/>\n<meta property=\"og:locale\" content=\"es_ES\" \/>\n<meta property=\"og:type\" content=\"article\" \/>\n<meta property=\"og:title\" content=\"De pie junto a - Forsyth Jail &amp; Prison Ministries\" \/>\n<meta property=\"og:description\" content=\"Una noche, despu\u00e9s de una clase de 7 H\u00e1bitos, John se acerc\u00f3 mucho y dijo: \u00abS\u00f3lo queremos dos cosas: saber que alguien se preocupa y una segunda oportunidad. Los que ven\u00eds aqu\u00ed lo hac\u00e9is\u00bb. La Madre Teresa dice que lo que va mal en nuestro mundo es que \u00abhemos olvidado que nos pertenecemos unos a [&hellip;]\" \/>\n<meta property=\"og:url\" content=\"https:\/\/forsythjpm.org\/es\/de-pie-junto-a\/\" \/>\n<meta property=\"og:site_name\" content=\"Forsyth Jail &amp; Prison Ministries\" \/>\n<meta property=\"article:publisher\" content=\"https:\/\/www.facebook.com\/Forsyth-Jail-and-Prison-Ministries-173912358447\/\" \/>\n<meta property=\"article:published_time\" content=\"2016-01-28T20:18:12+00:00\" \/>\n<meta property=\"og:image\" content=\"https:\/\/forsythjpm.org\/wp-content\/uploads\/2022\/10\/fjpm-facebook.jpg\" \/>\n\t<meta property=\"og:image:width\" content=\"1200\" \/>\n\t<meta property=\"og:image:height\" content=\"600\" \/>\n\t<meta property=\"og:image:type\" content=\"image\/jpeg\" \/>\n<meta name=\"author\" content=\"claudette\" \/>\n<meta name=\"twitter:card\" content=\"summary_large_image\" \/>\n<meta name=\"twitter:creator\" content=\"@insidefjpm\" \/>\n<meta name=\"twitter:site\" content=\"@insidefjpm\" \/>\n<meta name=\"twitter:label1\" content=\"Escrito por\" \/>\n\t<meta name=\"twitter:data1\" content=\"claudette\" \/>\n\t<meta name=\"twitter:label2\" content=\"Tiempo de lectura\" \/>\n\t<meta name=\"twitter:data2\" content=\"2 minutos\" \/>\n<script type=\"application\/ld+json\" class=\"yoast-schema-graph\">{\"@context\":\"https:\\\/\\\/schema.org\",\"@graph\":[{\"@type\":\"Article\",\"@id\":\"https:\\\/\\\/forsythjpm.org\\\/es\\\/de-pie-junto-a\\\/#article\",\"isPartOf\":{\"@id\":\"https:\\\/\\\/forsythjpm.org\\\/es\\\/de-pie-junto-a\\\/\"},\"author\":{\"name\":\"claudette\",\"@id\":\"https:\\\/\\\/forsythjpm.org\\\/es\\\/#\\\/schema\\\/person\\\/4fc1bfdd23d27c0fecf45d1dd155ca5b\"},\"headline\":\"De pie junto a\",\"datePublished\":\"2016-01-28T20:18:12+00:00\",\"mainEntityOfPage\":{\"@id\":\"https:\\\/\\\/forsythjpm.org\\\/es\\\/de-pie-junto-a\\\/\"},\"wordCount\":317,\"publisher\":{\"@id\":\"https:\\\/\\\/forsythjpm.org\\\/es\\\/#organization\"},\"articleSection\":[\"Sin categorizar\"],\"inLanguage\":\"es\"},{\"@type\":\"WebPage\",\"@id\":\"https:\\\/\\\/forsythjpm.org\\\/es\\\/de-pie-junto-a\\\/\",\"url\":\"https:\\\/\\\/forsythjpm.org\\\/es\\\/de-pie-junto-a\\\/\",\"name\":\"De pie junto a - Forsyth Jail &amp; Prison Ministries\",\"isPartOf\":{\"@id\":\"https:\\\/\\\/forsythjpm.org\\\/es\\\/#website\"},\"datePublished\":\"2016-01-28T20:18:12+00:00\",\"breadcrumb\":{\"@id\":\"https:\\\/\\\/forsythjpm.org\\\/es\\\/de-pie-junto-a\\\/#breadcrumb\"},\"inLanguage\":\"es\",\"potentialAction\":[{\"@type\":\"ReadAction\",\"target\":[\"https:\\\/\\\/forsythjpm.org\\\/es\\\/de-pie-junto-a\\\/\"]}]},{\"@type\":\"BreadcrumbList\",\"@id\":\"https:\\\/\\\/forsythjpm.org\\\/es\\\/de-pie-junto-a\\\/#breadcrumb\",\"itemListElement\":[{\"@type\":\"ListItem\",\"position\":1,\"name\":\"Home\",\"item\":\"https:\\\/\\\/forsythjpm.org\\\/es\\\/inicio\\\/\"},{\"@type\":\"ListItem\",\"position\":2,\"name\":\"De pie junto a\"}]},{\"@type\":\"WebSite\",\"@id\":\"https:\\\/\\\/forsythjpm.org\\\/es\\\/#website\",\"url\":\"https:\\\/\\\/forsythjpm.org\\\/es\\\/\",\"name\":\"Forsyth Jail &amp; Prison Ministries\",\"description\":\"Helping inmates prepare for a life outside of prison.\",\"publisher\":{\"@id\":\"https:\\\/\\\/forsythjpm.org\\\/es\\\/#organization\"},\"potentialAction\":[{\"@type\":\"SearchAction\",\"target\":{\"@type\":\"EntryPoint\",\"urlTemplate\":\"https:\\\/\\\/forsythjpm.org\\\/es\\\/?s={search_term_string}\"},\"query-input\":{\"@type\":\"PropertyValueSpecification\",\"valueRequired\":true,\"valueName\":\"search_term_string\"}}],\"inLanguage\":\"es\"},{\"@type\":\"Organization\",\"@id\":\"https:\\\/\\\/forsythjpm.org\\\/es\\\/#organization\",\"name\":\"Forsyth Jail & Prison Ministries\",\"url\":\"https:\\\/\\\/forsythjpm.org\\\/es\\\/\",\"logo\":{\"@type\":\"ImageObject\",\"inLanguage\":\"es\",\"@id\":\"https:\\\/\\\/forsythjpm.org\\\/es\\\/#\\\/schema\\\/logo\\\/image\\\/\",\"url\":\"https:\\\/\\\/forsythjpm.org\\\/wp-content\\\/uploads\\\/2022\\\/10\\\/forsyth-color-logo.png\",\"contentUrl\":\"https:\\\/\\\/forsythjpm.org\\\/wp-content\\\/uploads\\\/2022\\\/10\\\/forsyth-color-logo.png\",\"width\":800,\"height\":271,\"caption\":\"Forsyth Jail & Prison Ministries\"},\"image\":{\"@id\":\"https:\\\/\\\/forsythjpm.org\\\/es\\\/#\\\/schema\\\/logo\\\/image\\\/\"},\"sameAs\":[\"https:\\\/\\\/www.facebook.com\\\/Forsyth-Jail-and-Prison-Ministries-173912358447\\\/\",\"https:\\\/\\\/x.com\\\/insidefjpm\",\"https:\\\/\\\/www.instagram.com\\\/insidefjpm\\\/\"]},{\"@type\":\"Person\",\"@id\":\"https:\\\/\\\/forsythjpm.org\\\/es\\\/#\\\/schema\\\/person\\\/4fc1bfdd23d27c0fecf45d1dd155ca5b\",\"name\":\"claudette\",\"image\":{\"@type\":\"ImageObject\",\"inLanguage\":\"es\",\"@id\":\"https:\\\/\\\/secure.gravatar.com\\\/avatar\\\/?s=96&d=mm&r=g\",\"url\":\"https:\\\/\\\/secure.gravatar.com\\\/avatar\\\/?s=96&d=mm&r=g\",\"contentUrl\":\"https:\\\/\\\/secure.gravatar.com\\\/avatar\\\/?s=96&d=mm&r=g\",\"caption\":\"claudette\"}}]}<\/script>\n<!-- \/ Yoast SEO plugin. -->","yoast_head_json":{"title":"De pie junto a - Forsyth Jail &amp; Prison Ministries","robots":{"index":"index","follow":"follow","max-snippet":"max-snippet:-1","max-image-preview":"max-image-preview:large","max-video-preview":"max-video-preview:-1"},"canonical":"https:\/\/forsythjpm.org\/es\/de-pie-junto-a\/","og_locale":"es_ES","og_type":"article","og_title":"De pie junto a - Forsyth Jail &amp; Prison Ministries","og_description":"Una noche, despu\u00e9s de una clase de 7 H\u00e1bitos, John se acerc\u00f3 mucho y dijo: \u00abS\u00f3lo queremos dos cosas: saber que alguien se preocupa y una segunda oportunidad. Los que ven\u00eds aqu\u00ed lo hac\u00e9is\u00bb. La Madre Teresa dice que lo que va mal en nuestro mundo es que \u00abhemos olvidado que nos pertenecemos unos a [&hellip;]","og_url":"https:\/\/forsythjpm.org\/es\/de-pie-junto-a\/","og_site_name":"Forsyth Jail &amp; Prison Ministries","article_publisher":"https:\/\/www.facebook.com\/Forsyth-Jail-and-Prison-Ministries-173912358447\/","article_published_time":"2016-01-28T20:18:12+00:00","og_image":[{"width":1200,"height":600,"url":"https:\/\/forsythjpm.org\/wp-content\/uploads\/2022\/10\/fjpm-facebook.jpg","type":"image\/jpeg"}],"author":"claudette","twitter_card":"summary_large_image","twitter_creator":"@insidefjpm","twitter_site":"@insidefjpm","twitter_misc":{"Escrito por":"claudette","Tiempo de lectura":"2 minutos"},"schema":{"@context":"https:\/\/schema.org","@graph":[{"@type":"Article","@id":"https:\/\/forsythjpm.org\/es\/de-pie-junto-a\/#article","isPartOf":{"@id":"https:\/\/forsythjpm.org\/es\/de-pie-junto-a\/"},"author":{"name":"claudette","@id":"https:\/\/forsythjpm.org\/es\/#\/schema\/person\/4fc1bfdd23d27c0fecf45d1dd155ca5b"},"headline":"De pie junto a","datePublished":"2016-01-28T20:18:12+00:00","mainEntityOfPage":{"@id":"https:\/\/forsythjpm.org\/es\/de-pie-junto-a\/"},"wordCount":317,"publisher":{"@id":"https:\/\/forsythjpm.org\/es\/#organization"},"articleSection":["Sin categorizar"],"inLanguage":"es"},{"@type":"WebPage","@id":"https:\/\/forsythjpm.org\/es\/de-pie-junto-a\/","url":"https:\/\/forsythjpm.org\/es\/de-pie-junto-a\/","name":"De pie junto a - Forsyth Jail &amp; Prison Ministries","isPartOf":{"@id":"https:\/\/forsythjpm.org\/es\/#website"},"datePublished":"2016-01-28T20:18:12+00:00","breadcrumb":{"@id":"https:\/\/forsythjpm.org\/es\/de-pie-junto-a\/#breadcrumb"},"inLanguage":"es","potentialAction":[{"@type":"ReadAction","target":["https:\/\/forsythjpm.org\/es\/de-pie-junto-a\/"]}]},{"@type":"BreadcrumbList","@id":"https:\/\/forsythjpm.org\/es\/de-pie-junto-a\/#breadcrumb","itemListElement":[{"@type":"ListItem","position":1,"name":"Home","item":"https:\/\/forsythjpm.org\/es\/inicio\/"},{"@type":"ListItem","position":2,"name":"De pie junto a"}]},{"@type":"WebSite","@id":"https:\/\/forsythjpm.org\/es\/#website","url":"https:\/\/forsythjpm.org\/es\/","name":"Forsyth Jail &amp; Prison Ministries","description":"Helping inmates prepare for a life outside of prison.","publisher":{"@id":"https:\/\/forsythjpm.org\/es\/#organization"},"potentialAction":[{"@type":"SearchAction","target":{"@type":"EntryPoint","urlTemplate":"https:\/\/forsythjpm.org\/es\/?s={search_term_string}"},"query-input":{"@type":"PropertyValueSpecification","valueRequired":true,"valueName":"search_term_string"}}],"inLanguage":"es"},{"@type":"Organization","@id":"https:\/\/forsythjpm.org\/es\/#organization","name":"Forsyth Jail & Prison Ministries","url":"https:\/\/forsythjpm.org\/es\/","logo":{"@type":"ImageObject","inLanguage":"es","@id":"https:\/\/forsythjpm.org\/es\/#\/schema\/logo\/image\/","url":"https:\/\/forsythjpm.org\/wp-content\/uploads\/2022\/10\/forsyth-color-logo.png","contentUrl":"https:\/\/forsythjpm.org\/wp-content\/uploads\/2022\/10\/forsyth-color-logo.png","width":800,"height":271,"caption":"Forsyth Jail & Prison Ministries"},"image":{"@id":"https:\/\/forsythjpm.org\/es\/#\/schema\/logo\/image\/"},"sameAs":["https:\/\/www.facebook.com\/Forsyth-Jail-and-Prison-Ministries-173912358447\/","https:\/\/x.com\/insidefjpm","https:\/\/www.instagram.com\/insidefjpm\/"]},{"@type":"Person","@id":"https:\/\/forsythjpm.org\/es\/#\/schema\/person\/4fc1bfdd23d27c0fecf45d1dd155ca5b","name":"claudette","image":{"@type":"ImageObject","inLanguage":"es","@id":"https:\/\/secure.gravatar.com\/avatar\/?s=96&d=mm&r=g","url":"https:\/\/secure.gravatar.com\/avatar\/?s=96&d=mm&r=g","contentUrl":"https:\/\/secure.gravatar.com\/avatar\/?s=96&d=mm&r=g","caption":"claudette"}}]}},"meta_box":[],"_links":{"self":[{"href":"https:\/\/forsythjpm.org\/es\/wp-json\/wp\/v2\/posts\/4942","targetHints":{"allow":["GET"]}}],"collection":[{"href":"https:\/\/forsythjpm.org\/es\/wp-json\/wp\/v2\/posts"}],"about":[{"href":"https:\/\/forsythjpm.org\/es\/wp-json\/wp\/v2\/types\/post"}],"author":[{"embeddable":true,"href":"https:\/\/forsythjpm.org\/es\/wp-json\/wp\/v2\/users\/2"}],"replies":[{"embeddable":true,"href":"https:\/\/forsythjpm.org\/es\/wp-json\/wp\/v2\/comments?post=4942"}],"version-history":[{"count":0,"href":"https:\/\/forsythjpm.org\/es\/wp-json\/wp\/v2\/posts\/4942\/revisions"}],"wp:attachment":[{"href":"https:\/\/forsythjpm.org\/es\/wp-json\/wp\/v2\/media?parent=4942"}],"wp:term":[{"taxonomy":"category","embeddable":true,"href":"https:\/\/forsythjpm.org\/es\/wp-json\/wp\/v2\/categories?post=4942"},{"taxonomy":"post_tag","embeddable":true,"href":"https:\/\/forsythjpm.org\/es\/wp-json\/wp\/v2\/tags?post=4942"}],"curies":[{"name":"wp","href":"https:\/\/api.w.org\/{rel}","templated":true}]}}